{"id":30868,"date":"2026-02-23T08:47:34","date_gmt":"2026-02-23T11:47:34","guid":{"rendered":"https:\/\/deportesanluis.com.ar\/?p=30868"},"modified":"2026-03-01T11:29:32","modified_gmt":"2026-03-01T14:29:32","slug":"positivo-amistoso-para-el-juve","status":"publish","type":"post","link":"https:\/\/deportesanluis.com.ar\/positivo-amistoso-para-el-juve\/","title":{"rendered":"Positivo amistoso para el &#8220;Juve&#8221;"},"content":{"rendered":"<p>Juventud Unida Universitario contin\u00faa con su pretemporada de cara a una nueva participaci\u00f3n en el Torneo Federal A y lo hace con entrenamientos en el CARD de La Punta, en su predio y en el Estadio Mario Sebasti\u00e1n Diez.<\/p>\n<p>Precisamente, en el &#8220;Bajo&#8221;, recibi\u00f3 el pasado s\u00e1bado a Sp. Pedal de San Rafael con quien disput\u00f3 un amistoso de dos tiempos de 40 minutos, aproximadamente.<\/p>\n<p>Hern\u00e1n V\u00e1zquez present\u00f3 un once inicial con Juli\u00e1n Lucero; Eber Garro, Gabriel Ojeda, Juan Alvacete y Lautaro Figueroa; Sebasti\u00e1n Cadelago, Alexis Gonz\u00e1lez, Jes\u00fas Sosa y Santino Moya; Lautaro Lucero y Juan Mart\u00edn Amieva.<\/p>\n<p><a href=\"https:\/\/deportesanluis.com.ar\/wp-content\/uploads\/2026\/02\/Juventud-amistoso-Pedal-01.jpg\"><img loading=\"lazy\" decoding=\"async\" class=\"aligncenter size-full wp-image-30869\" src=\"https:\/\/deportesanluis.com.ar\/wp-content\/uploads\/2026\/02\/Juventud-amistoso-Pedal-01.jpg\" alt=\"\" width=\"1601\" height=\"1001\" srcset=\"https:\/\/deportesanluis.com.ar\/wp-content\/uploads\/2026\/02\/Juventud-amistoso-Pedal-01.jpg 1601w, https:\/\/deportesanluis.com.ar\/wp-content\/uploads\/2026\/02\/Juventud-amistoso-Pedal-01-300x188.jpg 300w, https:\/\/deportesanluis.com.ar\/wp-content\/uploads\/2026\/02\/Juventud-amistoso-Pedal-01-1024x640.jpg 1024w, https:\/\/deportesanluis.com.ar\/wp-content\/uploads\/2026\/02\/Juventud-amistoso-Pedal-01-768x480.jpg 768w, https:\/\/deportesanluis.com.ar\/wp-content\/uploads\/2026\/02\/Juventud-amistoso-Pedal-01-1536x960.jpg 1536w, https:\/\/deportesanluis.com.ar\/wp-content\/uploads\/2026\/02\/Juventud-amistoso-Pedal-01-672x420.jpg 672w, https:\/\/deportesanluis.com.ar\/wp-content\/uploads\/2026\/02\/Juventud-amistoso-Pedal-01-150x94.jpg 150w, https:\/\/deportesanluis.com.ar\/wp-content\/uploads\/2026\/02\/Juventud-amistoso-Pedal-01-696x435.jpg 696w, https:\/\/deportesanluis.com.ar\/wp-content\/uploads\/2026\/02\/Juventud-amistoso-Pedal-01-1068x668.jpg 1068w\" sizes=\"auto, (max-width: 1601px) 100vw, 1601px\" \/><\/a><\/p>\n<p>Fue victoria para el elenco puntano por 3-0 con goles de Amieva en la primera mitad y con doblete de Mart\u00edno Dorato en el complemento.<\/p>\n<p>Para el p\u00fablico presente y pese a que el rival es de menor jerarqu\u00eda, las sensaciones fueron positivas. Amieva, flamante refuerzo proveniente de Estudiantes, anot\u00f3 un gol y Alexis Gonz\u00e1lez mostr\u00f3 una buena imagen en la mitad de cancha.<\/p>\n<p>Este martes Juventud afrontar\u00e1 un nuevo amistoso. Ser\u00e1 en el Estadio \u00danico La Pedrera de Villa Mercedes desde las 09:30hs. ante un rival directo en la pr\u00f3xima temporada del Federal A, Atenas de R\u00edo Cuarto.<\/p>\n<hr \/>\n<p><strong>Nota:<\/strong> Redacci\u00f3n<\/p>\n","protected":false},"excerpt":{"rendered":"<p>Fue el pasado s\u00e1bado, ante un buen marco de p\u00fablico en el &#8220;Bajo&#8221;, con goleada sobre Sp. Pedal de San Rafael. Amieva y Dorato fueron los goleadores.\u00a0<\/p>\n","protected":false},"author":1,"featured_media":30870,"comment_status":"closed","ping_status":"closed","sticky":false,"template":"","format":"standard","meta":{"footnotes":""},"categories":[85,46],"tags":[86,48,87],"class_list":{"0":"post-30868","1":"post","2":"type-post","3":"status-publish","4":"format-standard","5":"has-post-thumbnail","7":"category-federal-a","8":"category-futbol","9":"tag-federal-a","10":"tag-futbol","11":"tag-juventud"},"yoast_head":"<!-- This site is optimized with the Yoast SEO plugin v27.4 - https:\/\/yoast.com\/product\/yoast-seo-wordpress\/ -->\n<title>Positivo amistoso para el &quot;Juve&quot; - DSL<\/title>\n<meta name=\"description\" content=\"Fue el pasado s\u00e1bado, ante un buen marco de p\u00fablico en el &quot;Bajo&quot;, con goleada sobre Sp. Pedal de San Rafael. Amieva y Dorato fueron los goleadores.\u00a0\" \/>\n<meta name=\"robots\" content=\"index, follow, max-snippet:-1, max-image-preview:large, max-video-preview:-1\" \/>\n<link rel=\"canonical\" href=\"https:\/\/deportesanluis.com.ar\/positivo-amistoso-para-el-juve\/\" \/>\n<meta property=\"og:locale\" content=\"es_ES\" \/>\n<meta property=\"og:type\" content=\"article\" \/>\n<meta property=\"og:title\" content=\"Positivo amistoso para el &quot;Juve&quot; - DSL\" \/>\n<meta property=\"og:description\" content=\"Fue el pasado s\u00e1bado, ante un buen marco de p\u00fablico en el &quot;Bajo&quot;, con goleada sobre Sp. Pedal de San Rafael. Amieva y Dorato fueron los goleadores.\u00a0\" \/>\n<meta property=\"og:url\" content=\"https:\/\/deportesanluis.com.ar\/positivo-amistoso-para-el-juve\/\" \/>\n<meta property=\"og:site_name\" content=\"DSL\" \/>\n<meta property=\"article:publisher\" content=\"https:\/\/www.facebook.com\/DSLDeporteSanLuis\" \/>\n<meta property=\"article:published_time\" content=\"2026-02-23T11:47:34+00:00\" \/>\n<meta property=\"article:modified_time\" content=\"2026-03-01T14:29:32+00:00\" \/>\n<meta property=\"og:image\" content=\"https:\/\/deportesanluis.com.ar\/wp-content\/uploads\/2026\/02\/Juventud-amistoso-Pedal-02.jpg\" \/>\n\t<meta property=\"og:image:width\" content=\"1601\" \/>\n\t<meta property=\"og:image:height\" content=\"1001\" \/>\n\t<meta property=\"og:image:type\" content=\"image\/jpeg\" \/>\n<meta name=\"author\" content=\"admin\" \/>\n<meta name=\"twitter:card\" content=\"summary_large_image\" \/>\n<meta name=\"twitter:creator\" content=\"@deportesanluis\" \/>\n<meta name=\"twitter:site\" content=\"@deportesanluis\" \/>\n<meta name=\"twitter:label1\" content=\"Escrito por\" \/>\n\t<meta name=\"twitter:data1\" content=\"admin\" \/>\n\t<meta name=\"twitter:label2\" content=\"Tiempo de lectura\" \/>\n\t<meta name=\"twitter:data2\" content=\"2 minutos\" \/>\n<script type=\"application\/ld+json\" class=\"yoast-schema-graph\">{\"@context\":\"https:\\\/\\\/schema.org\",\"@graph\":[{\"@type\":\"Article\",\"@id\":\"https:\\\/\\\/deportesanluis.com.ar\\\/positivo-amistoso-para-el-juve\\\/#article\",\"isPartOf\":{\"@id\":\"https:\\\/\\\/deportesanluis.com.ar\\\/positivo-amistoso-para-el-juve\\\/\"},\"author\":{\"name\":\"admin\",\"@id\":\"https:\\\/\\\/deportesanluis.com.ar\\\/#\\\/schema\\\/person\\\/4b3e665481e93d271fced43ee48143c8\"},\"headline\":\"Positivo amistoso para el &#8220;Juve&#8221;\",\"datePublished\":\"2026-02-23T11:47:34+00:00\",\"dateModified\":\"2026-03-01T14:29:32+00:00\",\"mainEntityOfPage\":{\"@id\":\"https:\\\/\\\/deportesanluis.com.ar\\\/positivo-amistoso-para-el-juve\\\/\"},\"wordCount\":221,\"publisher\":{\"@id\":\"https:\\\/\\\/deportesanluis.com.ar\\\/#organization\"},\"image\":{\"@id\":\"https:\\\/\\\/deportesanluis.com.ar\\\/positivo-amistoso-para-el-juve\\\/#primaryimage\"},\"thumbnailUrl\":\"https:\\\/\\\/deportesanluis.com.ar\\\/wp-content\\\/uploads\\\/2026\\\/02\\\/Juventud-amistoso-Pedal-02.jpg\",\"keywords\":[\"Federal A\",\"F\u00fatbol\",\"Juventud\"],\"articleSection\":[\"FA\",\"F\u00fatbol\"],\"inLanguage\":\"es-AR\"},{\"@type\":\"WebPage\",\"@id\":\"https:\\\/\\\/deportesanluis.com.ar\\\/positivo-amistoso-para-el-juve\\\/\",\"url\":\"https:\\\/\\\/deportesanluis.com.ar\\\/positivo-amistoso-para-el-juve\\\/\",\"name\":\"Positivo amistoso para el \\\"Juve\\\" - DSL\",\"isPartOf\":{\"@id\":\"https:\\\/\\\/deportesanluis.com.ar\\\/#website\"},\"primaryImageOfPage\":{\"@id\":\"https:\\\/\\\/deportesanluis.com.ar\\\/positivo-amistoso-para-el-juve\\\/#primaryimage\"},\"image\":{\"@id\":\"https:\\\/\\\/deportesanluis.com.ar\\\/positivo-amistoso-para-el-juve\\\/#primaryimage\"},\"thumbnailUrl\":\"https:\\\/\\\/deportesanluis.com.ar\\\/wp-content\\\/uploads\\\/2026\\\/02\\\/Juventud-amistoso-Pedal-02.jpg\",\"datePublished\":\"2026-02-23T11:47:34+00:00\",\"dateModified\":\"2026-03-01T14:29:32+00:00\",\"description\":\"Fue el pasado s\u00e1bado, ante un buen marco de p\u00fablico en el \\\"Bajo\\\", con goleada sobre Sp. Pedal de San Rafael. Amieva y Dorato fueron los goleadores.\u00a0\",\"breadcrumb\":{\"@id\":\"https:\\\/\\\/deportesanluis.com.ar\\\/positivo-amistoso-para-el-juve\\\/#breadcrumb\"},\"inLanguage\":\"es-AR\",\"potentialAction\":[{\"@type\":\"ReadAction\",\"target\":[\"https:\\\/\\\/deportesanluis.com.ar\\\/positivo-amistoso-para-el-juve\\\/\"]}]},{\"@type\":\"ImageObject\",\"inLanguage\":\"es-AR\",\"@id\":\"https:\\\/\\\/deportesanluis.com.ar\\\/positivo-amistoso-para-el-juve\\\/#primaryimage\",\"url\":\"https:\\\/\\\/deportesanluis.com.ar\\\/wp-content\\\/uploads\\\/2026\\\/02\\\/Juventud-amistoso-Pedal-02.jpg\",\"contentUrl\":\"https:\\\/\\\/deportesanluis.com.ar\\\/wp-content\\\/uploads\\\/2026\\\/02\\\/Juventud-amistoso-Pedal-02.jpg\",\"width\":1601,\"height\":1001},{\"@type\":\"BreadcrumbList\",\"@id\":\"https:\\\/\\\/deportesanluis.com.ar\\\/positivo-amistoso-para-el-juve\\\/#breadcrumb\",\"itemListElement\":[{\"@type\":\"ListItem\",\"position\":1,\"name\":\"Home\",\"item\":\"https:\\\/\\\/deportesanluis.com.ar\\\/\"},{\"@type\":\"ListItem\",\"position\":2,\"name\":\"Positivo amistoso para el &#8220;Juve&#8221;\"}]},{\"@type\":\"WebSite\",\"@id\":\"https:\\\/\\\/deportesanluis.com.ar\\\/#website\",\"url\":\"https:\\\/\\\/deportesanluis.com.ar\\\/\",\"name\":\"deportesanluis.com.ar\",\"description\":\"Noticias de Deporte de San Luis\",\"publisher\":{\"@id\":\"https:\\\/\\\/deportesanluis.com.ar\\\/#organization\"},\"alternateName\":\"Deporte SL\",\"potentialAction\":[{\"@type\":\"SearchAction\",\"target\":{\"@type\":\"EntryPoint\",\"urlTemplate\":\"https:\\\/\\\/deportesanluis.com.ar\\\/?s={search_term_string}\"},\"query-input\":{\"@type\":\"PropertyValueSpecification\",\"valueRequired\":true,\"valueName\":\"search_term_string\"}}],\"inLanguage\":\"es-AR\"},{\"@type\":\"Organization\",\"@id\":\"https:\\\/\\\/deportesanluis.com.ar\\\/#organization\",\"name\":\"DSL\",\"alternateName\":\"Deporte SL\",\"url\":\"https:\\\/\\\/deportesanluis.com.ar\\\/\",\"logo\":{\"@type\":\"ImageObject\",\"inLanguage\":\"es-AR\",\"@id\":\"https:\\\/\\\/deportesanluis.com.ar\\\/#\\\/schema\\\/logo\\\/image\\\/\",\"url\":\"https:\\\/\\\/deportesanluis.com.ar\\\/wp-content\\\/uploads\\\/2023\\\/06\\\/DSL-Logo-2023-5.jpg\",\"contentUrl\":\"https:\\\/\\\/deportesanluis.com.ar\\\/wp-content\\\/uploads\\\/2023\\\/06\\\/DSL-Logo-2023-5.jpg\",\"width\":1718,\"height\":845,\"caption\":\"DSL\"},\"image\":{\"@id\":\"https:\\\/\\\/deportesanluis.com.ar\\\/#\\\/schema\\\/logo\\\/image\\\/\"},\"sameAs\":[\"https:\\\/\\\/www.facebook.com\\\/DSLDeporteSanLuis\",\"https:\\\/\\\/x.com\\\/deportesanluis\",\"https:\\\/\\\/www.instagram.com\\\/dsl_deportesanluis\\\/\"]},{\"@type\":\"Person\",\"@id\":\"https:\\\/\\\/deportesanluis.com.ar\\\/#\\\/schema\\\/person\\\/4b3e665481e93d271fced43ee48143c8\",\"name\":\"admin\",\"image\":{\"@type\":\"ImageObject\",\"inLanguage\":\"es-AR\",\"@id\":\"https:\\\/\\\/secure.gravatar.com\\\/avatar\\\/5424b2c21466f502587708c43dbe2dc47b5e643fec67835095677cd3af6ba546?s=96&d=mm&r=g\",\"url\":\"https:\\\/\\\/secure.gravatar.com\\\/avatar\\\/5424b2c21466f502587708c43dbe2dc47b5e643fec67835095677cd3af6ba546?s=96&d=mm&r=g\",\"contentUrl\":\"https:\\\/\\\/secure.gravatar.com\\\/avatar\\\/5424b2c21466f502587708c43dbe2dc47b5e643fec67835095677cd3af6ba546?s=96&d=mm&r=g\",\"caption\":\"admin\"},\"sameAs\":[\"https:\\\/\\\/deportesanluis.com.ar\"],\"url\":\"https:\\\/\\\/deportesanluis.com.ar\\\/author\\\/admin\\\/\"}]}<\/script>\n<!-- \/ Yoast SEO plugin. -->","yoast_head_json":{"title":"Positivo amistoso para el \"Juve\" - DSL","description":"Fue el pasado s\u00e1bado, ante un buen marco de p\u00fablico en el \"Bajo\", con goleada sobre Sp. Pedal de San Rafael. Amieva y Dorato fueron los goleadores.\u00a0","robots":{"index":"index","follow":"follow","max-snippet":"max-snippet:-1","max-image-preview":"max-image-preview:large","max-video-preview":"max-video-preview:-1"},"canonical":"https:\/\/deportesanluis.com.ar\/positivo-amistoso-para-el-juve\/","og_locale":"es_ES","og_type":"article","og_title":"Positivo amistoso para el \"Juve\" - DSL","og_description":"Fue el pasado s\u00e1bado, ante un buen marco de p\u00fablico en el \"Bajo\", con goleada sobre Sp. Pedal de San Rafael. Amieva y Dorato fueron los goleadores.\u00a0","og_url":"https:\/\/deportesanluis.com.ar\/positivo-amistoso-para-el-juve\/","og_site_name":"DSL","article_publisher":"https:\/\/www.facebook.com\/DSLDeporteSanLuis","article_published_time":"2026-02-23T11:47:34+00:00","article_modified_time":"2026-03-01T14:29:32+00:00","og_image":[{"width":1601,"height":1001,"url":"https:\/\/deportesanluis.com.ar\/wp-content\/uploads\/2026\/02\/Juventud-amistoso-Pedal-02.jpg","type":"image\/jpeg"}],"author":"admin","twitter_card":"summary_large_image","twitter_creator":"@deportesanluis","twitter_site":"@deportesanluis","twitter_misc":{"Escrito por":"admin","Tiempo de lectura":"2 minutos"},"schema":{"@context":"https:\/\/schema.org","@graph":[{"@type":"Article","@id":"https:\/\/deportesanluis.com.ar\/positivo-amistoso-para-el-juve\/#article","isPartOf":{"@id":"https:\/\/deportesanluis.com.ar\/positivo-amistoso-para-el-juve\/"},"author":{"name":"admin","@id":"https:\/\/deportesanluis.com.ar\/#\/schema\/person\/4b3e665481e93d271fced43ee48143c8"},"headline":"Positivo amistoso para el &#8220;Juve&#8221;","datePublished":"2026-02-23T11:47:34+00:00","dateModified":"2026-03-01T14:29:32+00:00","mainEntityOfPage":{"@id":"https:\/\/deportesanluis.com.ar\/positivo-amistoso-para-el-juve\/"},"wordCount":221,"publisher":{"@id":"https:\/\/deportesanluis.com.ar\/#organization"},"image":{"@id":"https:\/\/deportesanluis.com.ar\/positivo-amistoso-para-el-juve\/#primaryimage"},"thumbnailUrl":"https:\/\/deportesanluis.com.ar\/wp-content\/uploads\/2026\/02\/Juventud-amistoso-Pedal-02.jpg","keywords":["Federal A","F\u00fatbol","Juventud"],"articleSection":["FA","F\u00fatbol"],"inLanguage":"es-AR"},{"@type":"WebPage","@id":"https:\/\/deportesanluis.com.ar\/positivo-amistoso-para-el-juve\/","url":"https:\/\/deportesanluis.com.ar\/positivo-amistoso-para-el-juve\/","name":"Positivo amistoso para el \"Juve\" - DSL","isPartOf":{"@id":"https:\/\/deportesanluis.com.ar\/#website"},"primaryImageOfPage":{"@id":"https:\/\/deportesanluis.com.ar\/positivo-amistoso-para-el-juve\/#primaryimage"},"image":{"@id":"https:\/\/deportesanluis.com.ar\/positivo-amistoso-para-el-juve\/#primaryimage"},"thumbnailUrl":"https:\/\/deportesanluis.com.ar\/wp-content\/uploads\/2026\/02\/Juventud-amistoso-Pedal-02.jpg","datePublished":"2026-02-23T11:47:34+00:00","dateModified":"2026-03-01T14:29:32+00:00","description":"Fue el pasado s\u00e1bado, ante un buen marco de p\u00fablico en el \"Bajo\", con goleada sobre Sp. Pedal de San Rafael. Amieva y Dorato fueron los goleadores.\u00a0","breadcrumb":{"@id":"https:\/\/deportesanluis.com.ar\/positivo-amistoso-para-el-juve\/#breadcrumb"},"inLanguage":"es-AR","potentialAction":[{"@type":"ReadAction","target":["https:\/\/deportesanluis.com.ar\/positivo-amistoso-para-el-juve\/"]}]},{"@type":"ImageObject","inLanguage":"es-AR","@id":"https:\/\/deportesanluis.com.ar\/positivo-amistoso-para-el-juve\/#primaryimage","url":"https:\/\/deportesanluis.com.ar\/wp-content\/uploads\/2026\/02\/Juventud-amistoso-Pedal-02.jpg","contentUrl":"https:\/\/deportesanluis.com.ar\/wp-content\/uploads\/2026\/02\/Juventud-amistoso-Pedal-02.jpg","width":1601,"height":1001},{"@type":"BreadcrumbList","@id":"https:\/\/deportesanluis.com.ar\/positivo-amistoso-para-el-juve\/#breadcrumb","itemListElement":[{"@type":"ListItem","position":1,"name":"Home","item":"https:\/\/deportesanluis.com.ar\/"},{"@type":"ListItem","position":2,"name":"Positivo amistoso para el &#8220;Juve&#8221;"}]},{"@type":"WebSite","@id":"https:\/\/deportesanluis.com.ar\/#website","url":"https:\/\/deportesanluis.com.ar\/","name":"deportesanluis.com.ar","description":"Noticias de Deporte de San Luis","publisher":{"@id":"https:\/\/deportesanluis.com.ar\/#organization"},"alternateName":"Deporte SL","potentialAction":[{"@type":"SearchAction","target":{"@type":"EntryPoint","urlTemplate":"https:\/\/deportesanluis.com.ar\/?s={search_term_string}"},"query-input":{"@type":"PropertyValueSpecification","valueRequired":true,"valueName":"search_term_string"}}],"inLanguage":"es-AR"},{"@type":"Organization","@id":"https:\/\/deportesanluis.com.ar\/#organization","name":"DSL","alternateName":"Deporte SL","url":"https:\/\/deportesanluis.com.ar\/","logo":{"@type":"ImageObject","inLanguage":"es-AR","@id":"https:\/\/deportesanluis.com.ar\/#\/schema\/logo\/image\/","url":"https:\/\/deportesanluis.com.ar\/wp-content\/uploads\/2023\/06\/DSL-Logo-2023-5.jpg","contentUrl":"https:\/\/deportesanluis.com.ar\/wp-content\/uploads\/2023\/06\/DSL-Logo-2023-5.jpg","width":1718,"height":845,"caption":"DSL"},"image":{"@id":"https:\/\/deportesanluis.com.ar\/#\/schema\/logo\/image\/"},"sameAs":["https:\/\/www.facebook.com\/DSLDeporteSanLuis","https:\/\/x.com\/deportesanluis","https:\/\/www.instagram.com\/dsl_deportesanluis\/"]},{"@type":"Person","@id":"https:\/\/deportesanluis.com.ar\/#\/schema\/person\/4b3e665481e93d271fced43ee48143c8","name":"admin","image":{"@type":"ImageObject","inLanguage":"es-AR","@id":"https:\/\/secure.gravatar.com\/avatar\/5424b2c21466f502587708c43dbe2dc47b5e643fec67835095677cd3af6ba546?s=96&d=mm&r=g","url":"https:\/\/secure.gravatar.com\/avatar\/5424b2c21466f502587708c43dbe2dc47b5e643fec67835095677cd3af6ba546?s=96&d=mm&r=g","contentUrl":"https:\/\/secure.gravatar.com\/avatar\/5424b2c21466f502587708c43dbe2dc47b5e643fec67835095677cd3af6ba546?s=96&d=mm&r=g","caption":"admin"},"sameAs":["https:\/\/deportesanluis.com.ar"],"url":"https:\/\/deportesanluis.com.ar\/author\/admin\/"}]}},"_links":{"self":[{"href":"https:\/\/deportesanluis.com.ar\/wp-json\/wp\/v2\/posts\/30868","targetHints":{"allow":["GET"]}}],"collection":[{"href":"https:\/\/deportesanluis.com.ar\/wp-json\/wp\/v2\/posts"}],"about":[{"href":"https:\/\/deportesanluis.com.ar\/wp-json\/wp\/v2\/types\/post"}],"author":[{"embeddable":true,"href":"https:\/\/deportesanluis.com.ar\/wp-json\/wp\/v2\/users\/1"}],"replies":[{"embeddable":true,"href":"https:\/\/deportesanluis.com.ar\/wp-json\/wp\/v2\/comments?post=30868"}],"version-history":[{"count":1,"href":"https:\/\/deportesanluis.com.ar\/wp-json\/wp\/v2\/posts\/30868\/revisions"}],"predecessor-version":[{"id":30871,"href":"https:\/\/deportesanluis.com.ar\/wp-json\/wp\/v2\/posts\/30868\/revisions\/30871"}],"wp:featuredmedia":[{"embeddable":true,"href":"https:\/\/deportesanluis.com.ar\/wp-json\/wp\/v2\/media\/30870"}],"wp:attachment":[{"href":"https:\/\/deportesanluis.com.ar\/wp-json\/wp\/v2\/media?parent=30868"}],"wp:term":[{"taxonomy":"category","embeddable":true,"href":"https:\/\/deportesanluis.com.ar\/wp-json\/wp\/v2\/categories?post=30868"},{"taxonomy":"post_tag","embeddable":true,"href":"https:\/\/deportesanluis.com.ar\/wp-json\/wp\/v2\/tags?post=30868"}],"curies":[{"name":"wp","href":"https:\/\/api.w.org\/{rel}","templated":true}]}}