{"id":30872,"date":"2026-02-23T11:00:38","date_gmt":"2026-02-23T14:00:38","guid":{"rendered":"https:\/\/deportesanluis.com.ar\/?p=30872"},"modified":"2026-03-01T11:29:19","modified_gmt":"2026-03-01T14:29:19","slug":"lafinur-cerro-la-fase-regular-y-va-por-la-permanencia","status":"publish","type":"post","link":"https:\/\/deportesanluis.com.ar\/lafinur-cerro-la-fase-regular-y-va-por-la-permanencia\/","title":{"rendered":"Lafinur cerr\u00f3 la fase regular y va por la permanencia"},"content":{"rendered":"<p>Este domingo lleg\u00f3 a su fin la primera fase de la Liga Nacional de Voley Masculino con Lafinur cayendo como local ante Uni\u00f3n Vecinal Trinidad de San Juan.\u00a0Fue por 1-3 con parciales 26-28, 18-25, 25-19 y 16-25.<\/p>\n<p>Lafinur, de esta manera, cierra la fase regular en el s\u00e9ptimo lugar de la Zona A con 14 puntos en mismo n\u00famero de partidos en juego. Logr\u00f3 5 triunfos y pen\u00f3 9 derrotas ganando 21 sets y perdiendo 34.<\/p>\n<p>De esta manera, el &#8220;Cruzado&#8221; accedi\u00f3 a los Play Off por la Permanencia y su primer cruce ser\u00e1 como visitante ante Gimnasia y Esgrima de Santa Fe. La serie ser\u00e1 al mejor de tres partidos.<\/p>\n<p>Los dos primeros cruces ser\u00e1n el viernes 27 y s\u00e1bado 28 de febrero. De ser necesario un\u00a0 tercer partido, este ser\u00e1 el domingo 1 de marzo.<\/p>\n<p>Si el &#8220;Cruzado&#8221; supera el &#8220;Lobo&#8221; santafecino, se asegura la continuidad en la categor\u00eda y pasar\u00eda a jugar con el ganador de la serie entre UVT de San Juan y Estudiantes de La Plata.<\/p>\n<h4><strong>Cruces de Play Off &#8211; Zona Permanencia<\/strong><\/h4>\n<p>UVT (SJ) vs. Estudiantes (LP)<br \/>\nLafinur (SL) vs. Gimnasia (SF)<br \/>\nLibertad (SJer.) vs. Infernales (Sal.)<br \/>\nEchag\u00fce (Par.) vs. Ateneo (Cat.)<\/p>\n<p>Los equipos que ocuparon del 1\u00b0 al 4\u00b0 lugar de cada Zona accedieron a la Fase Campeonato donde pelear\u00e1n por el t\u00edtulo y los dos ascensos a la Liga Argentina.<\/p>\n<h4><strong>Cruces de Play Off &#8211; Zona Campeonato<\/strong><\/h4>\n<p>Villa Dora (SFe.) vs. Ferro Carril Oeste (CABA)<br \/>\nObras (SJ) vs. Normal 3 (Ros.)<br \/>\nCITTA (V.Const.) vs. La Calera (Cba.)<br \/>\nSonder (Ros.) vs. Rowing (Par.)<\/p>\n<h4><strong>Resultados &#8211; Fecha 14 &#8211; Zona A &#8211; LNVM<\/strong><\/h4>\n<p>Lafinur 1 UVT de San Juan 3<br \/>\nLibertad (SJer.) 1 Rowing (Par.) 3<br \/>\nVilla Dora (SFe.) 3 Echag\u00fce (Par.) 0<br \/>\nLa Calera (Cba.) 3 Obras (SJ) 0<\/p>\n<h4><strong>Posiciones Finales &#8211; Zona A &#8211; LNVM<\/strong><\/h4>\n<p>1.Villa Dora (SFe.) 31<br \/>\n2.La Calera (Cba.) 27<br \/>\n3.Obras (SJ) 27<br \/>\n4.Rowing (Par.) 24<br \/>\n5.UVT (SJ) 24<br \/>\n6.Libertad (SJer.) 15<br \/>\n7.Lafinur (SL) 14<br \/>\n8.Echag\u00fce (Par.) 6<\/p>\n<h4><strong>Posiciones Finales &#8211; Zona B &#8211; LNVM<\/strong><\/h4>\n<p>1.Sonder (Ros.) 40<br \/>\n2.Normal 3 (Ros.) 31<br \/>\n3.CITTA (V.Const.) 25<br \/>\n4.Ferro Carril Oeste (CAVA) 20<br \/>\n5.Ateno (Cat.) 17<br \/>\n6.Gimnasia y Esgrima (SFe.) 17<br \/>\n7.Infernales (Sal.) 11<br \/>\n8.Estudiantes (LP) 7<\/p>\n<hr \/>\n<p><strong>Nota:<\/strong> Redacci\u00f3n<\/p>\n","protected":false},"excerpt":{"rendered":"<p>El &#8220;Cruzado&#8221; cay\u00f3 en la \u00faltima fecha ante UVT de San Juan por 1-3 y quedarse en la categor\u00eda ser\u00e1 el objetivo que tendr\u00e1 en la segunda fase. Su primer choque ser\u00e1 ante Gimnasia de Santa Fe.<\/p>\n","protected":false},"author":1,"featured_media":30873,"comment_status":"closed","ping_status":"closed","sticky":false,"template":"","format":"standard","meta":{"footnotes":""},"categories":[32,110],"tags":[184,111],"class_list":{"0":"post-30872","1":"post","2":"type-post","3":"status-publish","4":"format-standard","5":"has-post-thumbnail","7":"category-poli","8":"category-voley","9":"tag-lnvm","10":"tag-voley"},"yoast_head":"<!-- This site is optimized with the Yoast SEO plugin v27.4 - https:\/\/yoast.com\/product\/yoast-seo-wordpress\/ -->\n<title>Lafinur cerr\u00f3 la fase regular y va por la permanencia - DSL<\/title>\n<meta name=\"description\" content=\"El &quot;Cruzado&quot; cay\u00f3 en la \u00faltima fecha ante UVT de San Juan por 1-3 y quedarse en la categor\u00eda ser\u00e1 el objetivo que tendr\u00e1 en la segunda fase. Su primer choque ser\u00e1 ante Gimnasia de Santa Fe.\" \/>\n<meta name=\"robots\" content=\"index, follow, max-snippet:-1, max-image-preview:large, max-video-preview:-1\" \/>\n<link rel=\"canonical\" href=\"https:\/\/deportesanluis.com.ar\/lafinur-cerro-la-fase-regular-y-va-por-la-permanencia\/\" \/>\n<meta property=\"og:locale\" content=\"es_ES\" \/>\n<meta property=\"og:type\" content=\"article\" \/>\n<meta property=\"og:title\" content=\"Lafinur cerr\u00f3 la fase regular y va por la permanencia - DSL\" \/>\n<meta property=\"og:description\" content=\"El &quot;Cruzado&quot; cay\u00f3 en la \u00faltima fecha ante UVT de San Juan por 1-3 y quedarse en la categor\u00eda ser\u00e1 el objetivo que tendr\u00e1 en la segunda fase. Su primer choque ser\u00e1 ante Gimnasia de Santa Fe.\" \/>\n<meta property=\"og:url\" content=\"https:\/\/deportesanluis.com.ar\/lafinur-cerro-la-fase-regular-y-va-por-la-permanencia\/\" \/>\n<meta property=\"og:site_name\" content=\"DSL\" \/>\n<meta property=\"article:publisher\" content=\"https:\/\/www.facebook.com\/DSLDeporteSanLuis\" \/>\n<meta property=\"article:published_time\" content=\"2026-02-23T14:00:38+00:00\" \/>\n<meta property=\"article:modified_time\" content=\"2026-03-01T14:29:19+00:00\" \/>\n<meta property=\"og:image\" content=\"https:\/\/deportesanluis.com.ar\/wp-content\/uploads\/2026\/02\/Lafinur-derrota-UVT-2-LNVM26.jpg\" \/>\n\t<meta property=\"og:image:width\" content=\"1601\" \/>\n\t<meta property=\"og:image:height\" content=\"1001\" \/>\n\t<meta property=\"og:image:type\" content=\"image\/jpeg\" \/>\n<meta name=\"author\" content=\"admin\" \/>\n<meta name=\"twitter:card\" content=\"summary_large_image\" \/>\n<meta name=\"twitter:creator\" content=\"@deportesanluis\" \/>\n<meta name=\"twitter:site\" content=\"@deportesanluis\" \/>\n<meta name=\"twitter:label1\" content=\"Escrito por\" \/>\n\t<meta name=\"twitter:data1\" content=\"admin\" \/>\n\t<meta name=\"twitter:label2\" content=\"Tiempo de lectura\" \/>\n\t<meta name=\"twitter:data2\" content=\"2 minutos\" \/>\n<script type=\"application\/ld+json\" class=\"yoast-schema-graph\">{\"@context\":\"https:\\\/\\\/schema.org\",\"@graph\":[{\"@type\":\"Article\",\"@id\":\"https:\\\/\\\/deportesanluis.com.ar\\\/lafinur-cerro-la-fase-regular-y-va-por-la-permanencia\\\/#article\",\"isPartOf\":{\"@id\":\"https:\\\/\\\/deportesanluis.com.ar\\\/lafinur-cerro-la-fase-regular-y-va-por-la-permanencia\\\/\"},\"author\":{\"name\":\"admin\",\"@id\":\"https:\\\/\\\/deportesanluis.com.ar\\\/#\\\/schema\\\/person\\\/4b3e665481e93d271fced43ee48143c8\"},\"headline\":\"Lafinur cerr\u00f3 la fase regular y va por la permanencia\",\"datePublished\":\"2026-02-23T14:00:38+00:00\",\"dateModified\":\"2026-03-01T14:29:19+00:00\",\"mainEntityOfPage\":{\"@id\":\"https:\\\/\\\/deportesanluis.com.ar\\\/lafinur-cerro-la-fase-regular-y-va-por-la-permanencia\\\/\"},\"wordCount\":356,\"publisher\":{\"@id\":\"https:\\\/\\\/deportesanluis.com.ar\\\/#organization\"},\"image\":{\"@id\":\"https:\\\/\\\/deportesanluis.com.ar\\\/lafinur-cerro-la-fase-regular-y-va-por-la-permanencia\\\/#primaryimage\"},\"thumbnailUrl\":\"https:\\\/\\\/deportesanluis.com.ar\\\/wp-content\\\/uploads\\\/2026\\\/02\\\/Lafinur-derrota-UVT-2-LNVM26.jpg\",\"keywords\":[\"LNVM\",\"Voley\"],\"articleSection\":[\"Poli\",\"Voley\"],\"inLanguage\":\"es-AR\"},{\"@type\":\"WebPage\",\"@id\":\"https:\\\/\\\/deportesanluis.com.ar\\\/lafinur-cerro-la-fase-regular-y-va-por-la-permanencia\\\/\",\"url\":\"https:\\\/\\\/deportesanluis.com.ar\\\/lafinur-cerro-la-fase-regular-y-va-por-la-permanencia\\\/\",\"name\":\"Lafinur cerr\u00f3 la fase regular y va por la permanencia - DSL\",\"isPartOf\":{\"@id\":\"https:\\\/\\\/deportesanluis.com.ar\\\/#website\"},\"primaryImageOfPage\":{\"@id\":\"https:\\\/\\\/deportesanluis.com.ar\\\/lafinur-cerro-la-fase-regular-y-va-por-la-permanencia\\\/#primaryimage\"},\"image\":{\"@id\":\"https:\\\/\\\/deportesanluis.com.ar\\\/lafinur-cerro-la-fase-regular-y-va-por-la-permanencia\\\/#primaryimage\"},\"thumbnailUrl\":\"https:\\\/\\\/deportesanluis.com.ar\\\/wp-content\\\/uploads\\\/2026\\\/02\\\/Lafinur-derrota-UVT-2-LNVM26.jpg\",\"datePublished\":\"2026-02-23T14:00:38+00:00\",\"dateModified\":\"2026-03-01T14:29:19+00:00\",\"description\":\"El \\\"Cruzado\\\" cay\u00f3 en la \u00faltima fecha ante UVT de San Juan por 1-3 y quedarse en la categor\u00eda ser\u00e1 el objetivo que tendr\u00e1 en la segunda fase. Su primer choque ser\u00e1 ante Gimnasia de Santa Fe.\",\"breadcrumb\":{\"@id\":\"https:\\\/\\\/deportesanluis.com.ar\\\/lafinur-cerro-la-fase-regular-y-va-por-la-permanencia\\\/#breadcrumb\"},\"inLanguage\":\"es-AR\",\"potentialAction\":[{\"@type\":\"ReadAction\",\"target\":[\"https:\\\/\\\/deportesanluis.com.ar\\\/lafinur-cerro-la-fase-regular-y-va-por-la-permanencia\\\/\"]}]},{\"@type\":\"ImageObject\",\"inLanguage\":\"es-AR\",\"@id\":\"https:\\\/\\\/deportesanluis.com.ar\\\/lafinur-cerro-la-fase-regular-y-va-por-la-permanencia\\\/#primaryimage\",\"url\":\"https:\\\/\\\/deportesanluis.com.ar\\\/wp-content\\\/uploads\\\/2026\\\/02\\\/Lafinur-derrota-UVT-2-LNVM26.jpg\",\"contentUrl\":\"https:\\\/\\\/deportesanluis.com.ar\\\/wp-content\\\/uploads\\\/2026\\\/02\\\/Lafinur-derrota-UVT-2-LNVM26.jpg\",\"width\":1601,\"height\":1001},{\"@type\":\"BreadcrumbList\",\"@id\":\"https:\\\/\\\/deportesanluis.com.ar\\\/lafinur-cerro-la-fase-regular-y-va-por-la-permanencia\\\/#breadcrumb\",\"itemListElement\":[{\"@type\":\"ListItem\",\"position\":1,\"name\":\"Home\",\"item\":\"https:\\\/\\\/deportesanluis.com.ar\\\/\"},{\"@type\":\"ListItem\",\"position\":2,\"name\":\"Lafinur cerr\u00f3 la fase regular y va por la permanencia\"}]},{\"@type\":\"WebSite\",\"@id\":\"https:\\\/\\\/deportesanluis.com.ar\\\/#website\",\"url\":\"https:\\\/\\\/deportesanluis.com.ar\\\/\",\"name\":\"deportesanluis.com.ar\",\"description\":\"Noticias de Deporte de San Luis\",\"publisher\":{\"@id\":\"https:\\\/\\\/deportesanluis.com.ar\\\/#organization\"},\"alternateName\":\"Deporte SL\",\"potentialAction\":[{\"@type\":\"SearchAction\",\"target\":{\"@type\":\"EntryPoint\",\"urlTemplate\":\"https:\\\/\\\/deportesanluis.com.ar\\\/?s={search_term_string}\"},\"query-input\":{\"@type\":\"PropertyValueSpecification\",\"valueRequired\":true,\"valueName\":\"search_term_string\"}}],\"inLanguage\":\"es-AR\"},{\"@type\":\"Organization\",\"@id\":\"https:\\\/\\\/deportesanluis.com.ar\\\/#organization\",\"name\":\"DSL\",\"alternateName\":\"Deporte SL\",\"url\":\"https:\\\/\\\/deportesanluis.com.ar\\\/\",\"logo\":{\"@type\":\"ImageObject\",\"inLanguage\":\"es-AR\",\"@id\":\"https:\\\/\\\/deportesanluis.com.ar\\\/#\\\/schema\\\/logo\\\/image\\\/\",\"url\":\"https:\\\/\\\/deportesanluis.com.ar\\\/wp-content\\\/uploads\\\/2023\\\/06\\\/DSL-Logo-2023-5.jpg\",\"contentUrl\":\"https:\\\/\\\/deportesanluis.com.ar\\\/wp-content\\\/uploads\\\/2023\\\/06\\\/DSL-Logo-2023-5.jpg\",\"width\":1718,\"height\":845,\"caption\":\"DSL\"},\"image\":{\"@id\":\"https:\\\/\\\/deportesanluis.com.ar\\\/#\\\/schema\\\/logo\\\/image\\\/\"},\"sameAs\":[\"https:\\\/\\\/www.facebook.com\\\/DSLDeporteSanLuis\",\"https:\\\/\\\/x.com\\\/deportesanluis\",\"https:\\\/\\\/www.instagram.com\\\/dsl_deportesanluis\\\/\"]},{\"@type\":\"Person\",\"@id\":\"https:\\\/\\\/deportesanluis.com.ar\\\/#\\\/schema\\\/person\\\/4b3e665481e93d271fced43ee48143c8\",\"name\":\"admin\",\"image\":{\"@type\":\"ImageObject\",\"inLanguage\":\"es-AR\",\"@id\":\"https:\\\/\\\/secure.gravatar.com\\\/avatar\\\/5424b2c21466f502587708c43dbe2dc47b5e643fec67835095677cd3af6ba546?s=96&d=mm&r=g\",\"url\":\"https:\\\/\\\/secure.gravatar.com\\\/avatar\\\/5424b2c21466f502587708c43dbe2dc47b5e643fec67835095677cd3af6ba546?s=96&d=mm&r=g\",\"contentUrl\":\"https:\\\/\\\/secure.gravatar.com\\\/avatar\\\/5424b2c21466f502587708c43dbe2dc47b5e643fec67835095677cd3af6ba546?s=96&d=mm&r=g\",\"caption\":\"admin\"},\"sameAs\":[\"https:\\\/\\\/deportesanluis.com.ar\"],\"url\":\"https:\\\/\\\/deportesanluis.com.ar\\\/author\\\/admin\\\/\"}]}<\/script>\n<!-- \/ Yoast SEO plugin. -->","yoast_head_json":{"title":"Lafinur cerr\u00f3 la fase regular y va por la permanencia - DSL","description":"El \"Cruzado\" cay\u00f3 en la \u00faltima fecha ante UVT de San Juan por 1-3 y quedarse en la categor\u00eda ser\u00e1 el objetivo que tendr\u00e1 en la segunda fase. Su primer choque ser\u00e1 ante Gimnasia de Santa Fe.","robots":{"index":"index","follow":"follow","max-snippet":"max-snippet:-1","max-image-preview":"max-image-preview:large","max-video-preview":"max-video-preview:-1"},"canonical":"https:\/\/deportesanluis.com.ar\/lafinur-cerro-la-fase-regular-y-va-por-la-permanencia\/","og_locale":"es_ES","og_type":"article","og_title":"Lafinur cerr\u00f3 la fase regular y va por la permanencia - DSL","og_description":"El \"Cruzado\" cay\u00f3 en la \u00faltima fecha ante UVT de San Juan por 1-3 y quedarse en la categor\u00eda ser\u00e1 el objetivo que tendr\u00e1 en la segunda fase. Su primer choque ser\u00e1 ante Gimnasia de Santa Fe.","og_url":"https:\/\/deportesanluis.com.ar\/lafinur-cerro-la-fase-regular-y-va-por-la-permanencia\/","og_site_name":"DSL","article_publisher":"https:\/\/www.facebook.com\/DSLDeporteSanLuis","article_published_time":"2026-02-23T14:00:38+00:00","article_modified_time":"2026-03-01T14:29:19+00:00","og_image":[{"width":1601,"height":1001,"url":"https:\/\/deportesanluis.com.ar\/wp-content\/uploads\/2026\/02\/Lafinur-derrota-UVT-2-LNVM26.jpg","type":"image\/jpeg"}],"author":"admin","twitter_card":"summary_large_image","twitter_creator":"@deportesanluis","twitter_site":"@deportesanluis","twitter_misc":{"Escrito por":"admin","Tiempo de lectura":"2 minutos"},"schema":{"@context":"https:\/\/schema.org","@graph":[{"@type":"Article","@id":"https:\/\/deportesanluis.com.ar\/lafinur-cerro-la-fase-regular-y-va-por-la-permanencia\/#article","isPartOf":{"@id":"https:\/\/deportesanluis.com.ar\/lafinur-cerro-la-fase-regular-y-va-por-la-permanencia\/"},"author":{"name":"admin","@id":"https:\/\/deportesanluis.com.ar\/#\/schema\/person\/4b3e665481e93d271fced43ee48143c8"},"headline":"Lafinur cerr\u00f3 la fase regular y va por la permanencia","datePublished":"2026-02-23T14:00:38+00:00","dateModified":"2026-03-01T14:29:19+00:00","mainEntityOfPage":{"@id":"https:\/\/deportesanluis.com.ar\/lafinur-cerro-la-fase-regular-y-va-por-la-permanencia\/"},"wordCount":356,"publisher":{"@id":"https:\/\/deportesanluis.com.ar\/#organization"},"image":{"@id":"https:\/\/deportesanluis.com.ar\/lafinur-cerro-la-fase-regular-y-va-por-la-permanencia\/#primaryimage"},"thumbnailUrl":"https:\/\/deportesanluis.com.ar\/wp-content\/uploads\/2026\/02\/Lafinur-derrota-UVT-2-LNVM26.jpg","keywords":["LNVM","Voley"],"articleSection":["Poli","Voley"],"inLanguage":"es-AR"},{"@type":"WebPage","@id":"https:\/\/deportesanluis.com.ar\/lafinur-cerro-la-fase-regular-y-va-por-la-permanencia\/","url":"https:\/\/deportesanluis.com.ar\/lafinur-cerro-la-fase-regular-y-va-por-la-permanencia\/","name":"Lafinur cerr\u00f3 la fase regular y va por la permanencia - DSL","isPartOf":{"@id":"https:\/\/deportesanluis.com.ar\/#website"},"primaryImageOfPage":{"@id":"https:\/\/deportesanluis.com.ar\/lafinur-cerro-la-fase-regular-y-va-por-la-permanencia\/#primaryimage"},"image":{"@id":"https:\/\/deportesanluis.com.ar\/lafinur-cerro-la-fase-regular-y-va-por-la-permanencia\/#primaryimage"},"thumbnailUrl":"https:\/\/deportesanluis.com.ar\/wp-content\/uploads\/2026\/02\/Lafinur-derrota-UVT-2-LNVM26.jpg","datePublished":"2026-02-23T14:00:38+00:00","dateModified":"2026-03-01T14:29:19+00:00","description":"El \"Cruzado\" cay\u00f3 en la \u00faltima fecha ante UVT de San Juan por 1-3 y quedarse en la categor\u00eda ser\u00e1 el objetivo que tendr\u00e1 en la segunda fase. Su primer choque ser\u00e1 ante Gimnasia de Santa Fe.","breadcrumb":{"@id":"https:\/\/deportesanluis.com.ar\/lafinur-cerro-la-fase-regular-y-va-por-la-permanencia\/#breadcrumb"},"inLanguage":"es-AR","potentialAction":[{"@type":"ReadAction","target":["https:\/\/deportesanluis.com.ar\/lafinur-cerro-la-fase-regular-y-va-por-la-permanencia\/"]}]},{"@type":"ImageObject","inLanguage":"es-AR","@id":"https:\/\/deportesanluis.com.ar\/lafinur-cerro-la-fase-regular-y-va-por-la-permanencia\/#primaryimage","url":"https:\/\/deportesanluis.com.ar\/wp-content\/uploads\/2026\/02\/Lafinur-derrota-UVT-2-LNVM26.jpg","contentUrl":"https:\/\/deportesanluis.com.ar\/wp-content\/uploads\/2026\/02\/Lafinur-derrota-UVT-2-LNVM26.jpg","width":1601,"height":1001},{"@type":"BreadcrumbList","@id":"https:\/\/deportesanluis.com.ar\/lafinur-cerro-la-fase-regular-y-va-por-la-permanencia\/#breadcrumb","itemListElement":[{"@type":"ListItem","position":1,"name":"Home","item":"https:\/\/deportesanluis.com.ar\/"},{"@type":"ListItem","position":2,"name":"Lafinur cerr\u00f3 la fase regular y va por la permanencia"}]},{"@type":"WebSite","@id":"https:\/\/deportesanluis.com.ar\/#website","url":"https:\/\/deportesanluis.com.ar\/","name":"deportesanluis.com.ar","description":"Noticias de Deporte de San Luis","publisher":{"@id":"https:\/\/deportesanluis.com.ar\/#organization"},"alternateName":"Deporte SL","potentialAction":[{"@type":"SearchAction","target":{"@type":"EntryPoint","urlTemplate":"https:\/\/deportesanluis.com.ar\/?s={search_term_string}"},"query-input":{"@type":"PropertyValueSpecification","valueRequired":true,"valueName":"search_term_string"}}],"inLanguage":"es-AR"},{"@type":"Organization","@id":"https:\/\/deportesanluis.com.ar\/#organization","name":"DSL","alternateName":"Deporte SL","url":"https:\/\/deportesanluis.com.ar\/","logo":{"@type":"ImageObject","inLanguage":"es-AR","@id":"https:\/\/deportesanluis.com.ar\/#\/schema\/logo\/image\/","url":"https:\/\/deportesanluis.com.ar\/wp-content\/uploads\/2023\/06\/DSL-Logo-2023-5.jpg","contentUrl":"https:\/\/deportesanluis.com.ar\/wp-content\/uploads\/2023\/06\/DSL-Logo-2023-5.jpg","width":1718,"height":845,"caption":"DSL"},"image":{"@id":"https:\/\/deportesanluis.com.ar\/#\/schema\/logo\/image\/"},"sameAs":["https:\/\/www.facebook.com\/DSLDeporteSanLuis","https:\/\/x.com\/deportesanluis","https:\/\/www.instagram.com\/dsl_deportesanluis\/"]},{"@type":"Person","@id":"https:\/\/deportesanluis.com.ar\/#\/schema\/person\/4b3e665481e93d271fced43ee48143c8","name":"admin","image":{"@type":"ImageObject","inLanguage":"es-AR","@id":"https:\/\/secure.gravatar.com\/avatar\/5424b2c21466f502587708c43dbe2dc47b5e643fec67835095677cd3af6ba546?s=96&d=mm&r=g","url":"https:\/\/secure.gravatar.com\/avatar\/5424b2c21466f502587708c43dbe2dc47b5e643fec67835095677cd3af6ba546?s=96&d=mm&r=g","contentUrl":"https:\/\/secure.gravatar.com\/avatar\/5424b2c21466f502587708c43dbe2dc47b5e643fec67835095677cd3af6ba546?s=96&d=mm&r=g","caption":"admin"},"sameAs":["https:\/\/deportesanluis.com.ar"],"url":"https:\/\/deportesanluis.com.ar\/author\/admin\/"}]}},"_links":{"self":[{"href":"https:\/\/deportesanluis.com.ar\/wp-json\/wp\/v2\/posts\/30872","targetHints":{"allow":["GET"]}}],"collection":[{"href":"https:\/\/deportesanluis.com.ar\/wp-json\/wp\/v2\/posts"}],"about":[{"href":"https:\/\/deportesanluis.com.ar\/wp-json\/wp\/v2\/types\/post"}],"author":[{"embeddable":true,"href":"https:\/\/deportesanluis.com.ar\/wp-json\/wp\/v2\/users\/1"}],"replies":[{"embeddable":true,"href":"https:\/\/deportesanluis.com.ar\/wp-json\/wp\/v2\/comments?post=30872"}],"version-history":[{"count":2,"href":"https:\/\/deportesanluis.com.ar\/wp-json\/wp\/v2\/posts\/30872\/revisions"}],"predecessor-version":[{"id":30875,"href":"https:\/\/deportesanluis.com.ar\/wp-json\/wp\/v2\/posts\/30872\/revisions\/30875"}],"wp:featuredmedia":[{"embeddable":true,"href":"https:\/\/deportesanluis.com.ar\/wp-json\/wp\/v2\/media\/30873"}],"wp:attachment":[{"href":"https:\/\/deportesanluis.com.ar\/wp-json\/wp\/v2\/media?parent=30872"}],"wp:term":[{"taxonomy":"category","embeddable":true,"href":"https:\/\/deportesanluis.com.ar\/wp-json\/wp\/v2\/categories?post=30872"},{"taxonomy":"post_tag","embeddable":true,"href":"https:\/\/deportesanluis.com.ar\/wp-json\/wp\/v2\/tags?post=30872"}],"curies":[{"name":"wp","href":"https:\/\/api.w.org\/{rel}","templated":true}]}}