{"id":30884,"date":"2026-02-24T10:39:17","date_gmt":"2026-02-24T13:39:17","guid":{"rendered":"https:\/\/deportesanluis.com.ar\/?p=30884"},"modified":"2026-02-24T10:40:17","modified_gmt":"2026-02-24T13:40:17","slug":"tomas-moyano-lidero-la-cosecha-de-medallas-argentina-en-el-panamericano-de-chile","status":"publish","type":"post","link":"https:\/\/deportesanluis.com.ar\/tomas-moyano-lidero-la-cosecha-de-medallas-argentina-en-el-panamericano-de-chile\/","title":{"rendered":"Tom\u00e1s Moyano lider\u00f3 la cosecha de medallas argentinas en el Panamericano de Chile"},"content":{"rendered":"<p>La Selecci\u00f3n Argentina de ciclismo de pista puso punto final a su traves\u00eda en el Campeonato Panamericano de Chile, y lo hizo de la mejor manera, subiendo una vez m\u00e1s al podio.<\/p>\n<p>En una jornada de cierre vibrante, la dupla integrada por el sanjuanino Rub\u00e9n Ramos y el puntano Tom\u00e1s Moyano se adjudic\u00f3 la medalla de bronce en la exigente prueba de Madison.<\/p>\n<p><a href=\"https:\/\/deportesanluis.com.ar\/wp-content\/uploads\/2026\/02\/Moyano-Bronce-Panamericano-Chile26.jpg\"><img loading=\"lazy\" decoding=\"async\" class=\"aligncenter size-full wp-image-30887\" src=\"https:\/\/deportesanluis.com.ar\/wp-content\/uploads\/2026\/02\/Moyano-Bronce-Panamericano-Chile26.jpg\" alt=\"\" width=\"1601\" height=\"1001\" srcset=\"https:\/\/deportesanluis.com.ar\/wp-content\/uploads\/2026\/02\/Moyano-Bronce-Panamericano-Chile26.jpg 1601w, https:\/\/deportesanluis.com.ar\/wp-content\/uploads\/2026\/02\/Moyano-Bronce-Panamericano-Chile26-300x188.jpg 300w, https:\/\/deportesanluis.com.ar\/wp-content\/uploads\/2026\/02\/Moyano-Bronce-Panamericano-Chile26-1024x640.jpg 1024w, https:\/\/deportesanluis.com.ar\/wp-content\/uploads\/2026\/02\/Moyano-Bronce-Panamericano-Chile26-768x480.jpg 768w, https:\/\/deportesanluis.com.ar\/wp-content\/uploads\/2026\/02\/Moyano-Bronce-Panamericano-Chile26-1536x960.jpg 1536w, https:\/\/deportesanluis.com.ar\/wp-content\/uploads\/2026\/02\/Moyano-Bronce-Panamericano-Chile26-672x420.jpg 672w, https:\/\/deportesanluis.com.ar\/wp-content\/uploads\/2026\/02\/Moyano-Bronce-Panamericano-Chile26-150x94.jpg 150w, https:\/\/deportesanluis.com.ar\/wp-content\/uploads\/2026\/02\/Moyano-Bronce-Panamericano-Chile26-696x435.jpg 696w, https:\/\/deportesanluis.com.ar\/wp-content\/uploads\/2026\/02\/Moyano-Bronce-Panamericano-Chile26-1068x668.jpg 1068w\" sizes=\"auto, (max-width: 1601px) 100vw, 1601px\" \/><\/a><\/p>\n<p>La prueba, que se extendi\u00f3 por 200 vueltas, fue una batalla de resistencia y estrategia. Mientras que Estados Unidos domin\u00f3 la competencia con 100 puntos (puntuando en todos los sprints y sacando dos vueltas de ventaja).<\/p>\n<p>La lucha por el resto de los escalones del podio fue dram\u00e1tica porque Canad\u00e1 dobleg\u00f3 a la dupla nacional por solo un punto. 53-52.<\/p>\n<p>Si hubo un nombre que reson\u00f3 con fuerza en el vel\u00f3dromo chileno, fue el de Tom\u00e1s Moyano. El ciclista puntano no solo fue clave para el bronce en la Madison, sino que anteriormente le hab\u00eda dado a la Argentina su \u00fanica medalla de oro en este certamen tras una actuaci\u00f3n consagratoria en la especialidad de Omnium.<\/p>\n<div id='gallery-1' class='gallery galleryid-30884 gallery-columns-3 gallery-size-thumbnail'><figure class='gallery-item'>\n\t\t\t<div class='gallery-icon landscape'>\n\t\t\t\t<a href='https:\/\/deportesanluis.com.ar\/tomas-moyano-lidero-la-cosecha-de-medallas-argentina-en-el-panamericano-de-chile\/moyano-oro-2-panamericano-chile26\/'><img loading=\"lazy\" decoding=\"async\" width=\"150\" height=\"150\" src=\"https:\/\/deportesanluis.com.ar\/wp-content\/uploads\/2026\/02\/Moyano-Oro-2-Panamericano-Chile26-150x150.jpg\" class=\"attachment-thumbnail size-thumbnail\" alt=\"\" \/><\/a>\n\t\t\t<\/div><\/figure><figure class='gallery-item'>\n\t\t\t<div class='gallery-icon landscape'>\n\t\t\t\t<a href='https:\/\/deportesanluis.com.ar\/tomas-moyano-lidero-la-cosecha-de-medallas-argentina-en-el-panamericano-de-chile\/moyano-bronce-panamericano-chile26\/'><img loading=\"lazy\" decoding=\"async\" width=\"150\" height=\"150\" src=\"https:\/\/deportesanluis.com.ar\/wp-content\/uploads\/2026\/02\/Moyano-Bronce-Panamericano-Chile26-150x150.jpg\" class=\"attachment-thumbnail size-thumbnail\" alt=\"\" \/><\/a>\n\t\t\t<\/div><\/figure><figure class='gallery-item'>\n\t\t\t<div class='gallery-icon landscape'>\n\t\t\t\t<a href='https:\/\/deportesanluis.com.ar\/tomas-moyano-lidero-la-cosecha-de-medallas-argentina-en-el-panamericano-de-chile\/aguirre-plata-panamericano-chile26\/'><img loading=\"lazy\" decoding=\"async\" width=\"150\" height=\"150\" src=\"https:\/\/deportesanluis.com.ar\/wp-content\/uploads\/2026\/02\/Aguirre-Plata-Panamericano-Chile26-150x150.jpg\" class=\"attachment-thumbnail size-thumbnail\" alt=\"\" \/><\/a>\n\t\t\t<\/div><\/figure><figure class='gallery-item'>\n\t\t\t<div class='gallery-icon landscape'>\n\t\t\t\t<a href='https:\/\/deportesanluis.com.ar\/tomas-moyano-lidero-la-cosecha-de-medallas-argentina-en-el-panamericano-de-chile\/buchanan-plata-panamericano-chile26\/'><img loading=\"lazy\" decoding=\"async\" width=\"150\" height=\"150\" src=\"https:\/\/deportesanluis.com.ar\/wp-content\/uploads\/2026\/02\/Buchanan-Plata-Panamericano-Chile26-150x150.jpg\" class=\"attachment-thumbnail size-thumbnail\" alt=\"\" \/><\/a>\n\t\t\t<\/div><\/figure>\n\t\t<\/div>\n\n<h4><strong>Medallero de la Argentina<\/strong><\/h4>\n<p>\ud83e\udd47 Tom\u00e1s Moyano &#8211; Omnium<br \/>\n\ud83e\udd48 Franco Buchanan &#8211; Vuelta por Puntos<br \/>\n\ud83e\udd48 Maribel Aguirre &#8211; Omnium<br \/>\n\ud83e\udd49 Moyano \/ Ramos &#8211; Madison<\/p>\n<hr \/>\n<p><strong>Nota:<\/strong> Redacci\u00f3n<\/p>\n","protected":false},"excerpt":{"rendered":"<p>El ciclista de San Luis fue la gran figura del seleccionado nacional porqu\u00e9, adem\u00e1s del Oro en Omnium, en la \u00faltima jornada conquist\u00f3 el Bronce junto al sanjuanino Ramos en la prueba Madison.\u00a0<\/p>\n","protected":false},"author":1,"featured_media":30888,"comment_status":"closed","ping_status":"closed","sticky":false,"template":"","format":"standard","meta":{"footnotes":""},"categories":[50,40,32],"tags":[41],"class_list":{"0":"post-30884","1":"post","2":"type-post","3":"status-publish","4":"format-standard","5":"has-post-thumbnail","7":"category-50","8":"category-ciclismo","9":"category-poli","10":"tag-ciclismo"},"yoast_head":"<!-- This site is optimized with the Yoast SEO plugin v27.4 - https:\/\/yoast.com\/product\/yoast-seo-wordpress\/ -->\n<title>Tom\u00e1s Moyano lider\u00f3 la cosecha de medallas argentinas en el Panamericano de Chile - DSL<\/title>\n<meta name=\"description\" content=\"El ciclista de San Luis fue la gran figura del seleccionado nacional porqu\u00e9, adem\u00e1s del Oro en Omnium, en la \u00faltima jornada conquist\u00f3 el Bronce junto al sanjuanino Ramos en la prueba Madison.\u00a0\" \/>\n<meta name=\"robots\" content=\"index, follow, max-snippet:-1, max-image-preview:large, max-video-preview:-1\" \/>\n<link rel=\"canonical\" href=\"https:\/\/deportesanluis.com.ar\/tomas-moyano-lidero-la-cosecha-de-medallas-argentina-en-el-panamericano-de-chile\/\" \/>\n<meta property=\"og:locale\" content=\"es_ES\" \/>\n<meta property=\"og:type\" content=\"article\" \/>\n<meta property=\"og:title\" content=\"Tom\u00e1s Moyano lider\u00f3 la cosecha de medallas argentinas en el Panamericano de Chile - DSL\" \/>\n<meta property=\"og:description\" content=\"El ciclista de San Luis fue la gran figura del seleccionado nacional porqu\u00e9, adem\u00e1s del Oro en Omnium, en la \u00faltima jornada conquist\u00f3 el Bronce junto al sanjuanino Ramos en la prueba Madison.\u00a0\" \/>\n<meta property=\"og:url\" content=\"https:\/\/deportesanluis.com.ar\/tomas-moyano-lidero-la-cosecha-de-medallas-argentina-en-el-panamericano-de-chile\/\" \/>\n<meta property=\"og:site_name\" content=\"DSL\" \/>\n<meta property=\"article:publisher\" content=\"https:\/\/www.facebook.com\/DSLDeporteSanLuis\" \/>\n<meta property=\"article:published_time\" content=\"2026-02-24T13:39:17+00:00\" \/>\n<meta property=\"article:modified_time\" content=\"2026-02-24T13:40:17+00:00\" \/>\n<meta property=\"og:image\" content=\"https:\/\/deportesanluis.com.ar\/wp-content\/uploads\/2026\/02\/Moyano-Oro-2-Panamericano-Chile26.jpg\" \/>\n\t<meta property=\"og:image:width\" content=\"1601\" \/>\n\t<meta property=\"og:image:height\" content=\"1001\" \/>\n\t<meta property=\"og:image:type\" content=\"image\/jpeg\" \/>\n<meta name=\"author\" content=\"admin\" \/>\n<meta name=\"twitter:card\" content=\"summary_large_image\" \/>\n<meta name=\"twitter:creator\" content=\"@deportesanluis\" \/>\n<meta name=\"twitter:site\" content=\"@deportesanluis\" \/>\n<meta name=\"twitter:label1\" content=\"Escrito por\" \/>\n\t<meta name=\"twitter:data1\" content=\"admin\" \/>\n\t<meta name=\"twitter:label2\" content=\"Tiempo de lectura\" \/>\n\t<meta name=\"twitter:data2\" content=\"2 minutos\" \/>\n<script type=\"application\/ld+json\" class=\"yoast-schema-graph\">{\"@context\":\"https:\\\/\\\/schema.org\",\"@graph\":[{\"@type\":\"Article\",\"@id\":\"https:\\\/\\\/deportesanluis.com.ar\\\/tomas-moyano-lidero-la-cosecha-de-medallas-argentina-en-el-panamericano-de-chile\\\/#article\",\"isPartOf\":{\"@id\":\"https:\\\/\\\/deportesanluis.com.ar\\\/tomas-moyano-lidero-la-cosecha-de-medallas-argentina-en-el-panamericano-de-chile\\\/\"},\"author\":{\"name\":\"admin\",\"@id\":\"https:\\\/\\\/deportesanluis.com.ar\\\/#\\\/schema\\\/person\\\/4b3e665481e93d271fced43ee48143c8\"},\"headline\":\"Tom\u00e1s Moyano lider\u00f3 la cosecha de medallas argentinas en el Panamericano de Chile\",\"datePublished\":\"2026-02-24T13:39:17+00:00\",\"dateModified\":\"2026-02-24T13:40:17+00:00\",\"mainEntityOfPage\":{\"@id\":\"https:\\\/\\\/deportesanluis.com.ar\\\/tomas-moyano-lidero-la-cosecha-de-medallas-argentina-en-el-panamericano-de-chile\\\/\"},\"wordCount\":229,\"publisher\":{\"@id\":\"https:\\\/\\\/deportesanluis.com.ar\\\/#organization\"},\"image\":{\"@id\":\"https:\\\/\\\/deportesanluis.com.ar\\\/tomas-moyano-lidero-la-cosecha-de-medallas-argentina-en-el-panamericano-de-chile\\\/#primaryimage\"},\"thumbnailUrl\":\"https:\\\/\\\/deportesanluis.com.ar\\\/wp-content\\\/uploads\\\/2026\\\/02\\\/Moyano-Oro-2-Panamericano-Chile26.jpg\",\"keywords\":[\"Ciclismo\"],\"articleSection\":[\"2\",\"Ciclismo\",\"Poli\"],\"inLanguage\":\"es-AR\"},{\"@type\":\"WebPage\",\"@id\":\"https:\\\/\\\/deportesanluis.com.ar\\\/tomas-moyano-lidero-la-cosecha-de-medallas-argentina-en-el-panamericano-de-chile\\\/\",\"url\":\"https:\\\/\\\/deportesanluis.com.ar\\\/tomas-moyano-lidero-la-cosecha-de-medallas-argentina-en-el-panamericano-de-chile\\\/\",\"name\":\"Tom\u00e1s Moyano lider\u00f3 la cosecha de medallas argentinas en el Panamericano de Chile - DSL\",\"isPartOf\":{\"@id\":\"https:\\\/\\\/deportesanluis.com.ar\\\/#website\"},\"primaryImageOfPage\":{\"@id\":\"https:\\\/\\\/deportesanluis.com.ar\\\/tomas-moyano-lidero-la-cosecha-de-medallas-argentina-en-el-panamericano-de-chile\\\/#primaryimage\"},\"image\":{\"@id\":\"https:\\\/\\\/deportesanluis.com.ar\\\/tomas-moyano-lidero-la-cosecha-de-medallas-argentina-en-el-panamericano-de-chile\\\/#primaryimage\"},\"thumbnailUrl\":\"https:\\\/\\\/deportesanluis.com.ar\\\/wp-content\\\/uploads\\\/2026\\\/02\\\/Moyano-Oro-2-Panamericano-Chile26.jpg\",\"datePublished\":\"2026-02-24T13:39:17+00:00\",\"dateModified\":\"2026-02-24T13:40:17+00:00\",\"description\":\"El ciclista de San Luis fue la gran figura del seleccionado nacional porqu\u00e9, adem\u00e1s del Oro en Omnium, en la \u00faltima jornada conquist\u00f3 el Bronce junto al sanjuanino Ramos en la prueba Madison.\u00a0\",\"breadcrumb\":{\"@id\":\"https:\\\/\\\/deportesanluis.com.ar\\\/tomas-moyano-lidero-la-cosecha-de-medallas-argentina-en-el-panamericano-de-chile\\\/#breadcrumb\"},\"inLanguage\":\"es-AR\",\"potentialAction\":[{\"@type\":\"ReadAction\",\"target\":[\"https:\\\/\\\/deportesanluis.com.ar\\\/tomas-moyano-lidero-la-cosecha-de-medallas-argentina-en-el-panamericano-de-chile\\\/\"]}]},{\"@type\":\"ImageObject\",\"inLanguage\":\"es-AR\",\"@id\":\"https:\\\/\\\/deportesanluis.com.ar\\\/tomas-moyano-lidero-la-cosecha-de-medallas-argentina-en-el-panamericano-de-chile\\\/#primaryimage\",\"url\":\"https:\\\/\\\/deportesanluis.com.ar\\\/wp-content\\\/uploads\\\/2026\\\/02\\\/Moyano-Oro-2-Panamericano-Chile26.jpg\",\"contentUrl\":\"https:\\\/\\\/deportesanluis.com.ar\\\/wp-content\\\/uploads\\\/2026\\\/02\\\/Moyano-Oro-2-Panamericano-Chile26.jpg\",\"width\":1601,\"height\":1001},{\"@type\":\"BreadcrumbList\",\"@id\":\"https:\\\/\\\/deportesanluis.com.ar\\\/tomas-moyano-lidero-la-cosecha-de-medallas-argentina-en-el-panamericano-de-chile\\\/#breadcrumb\",\"itemListElement\":[{\"@type\":\"ListItem\",\"position\":1,\"name\":\"Home\",\"item\":\"https:\\\/\\\/deportesanluis.com.ar\\\/\"},{\"@type\":\"ListItem\",\"position\":2,\"name\":\"Tom\u00e1s Moyano lider\u00f3 la cosecha de medallas argentinas en el Panamericano de Chile\"}]},{\"@type\":\"WebSite\",\"@id\":\"https:\\\/\\\/deportesanluis.com.ar\\\/#website\",\"url\":\"https:\\\/\\\/deportesanluis.com.ar\\\/\",\"name\":\"deportesanluis.com.ar\",\"description\":\"Noticias de Deporte de San Luis\",\"publisher\":{\"@id\":\"https:\\\/\\\/deportesanluis.com.ar\\\/#organization\"},\"alternateName\":\"Deporte SL\",\"potentialAction\":[{\"@type\":\"SearchAction\",\"target\":{\"@type\":\"EntryPoint\",\"urlTemplate\":\"https:\\\/\\\/deportesanluis.com.ar\\\/?s={search_term_string}\"},\"query-input\":{\"@type\":\"PropertyValueSpecification\",\"valueRequired\":true,\"valueName\":\"search_term_string\"}}],\"inLanguage\":\"es-AR\"},{\"@type\":\"Organization\",\"@id\":\"https:\\\/\\\/deportesanluis.com.ar\\\/#organization\",\"name\":\"DSL\",\"alternateName\":\"Deporte SL\",\"url\":\"https:\\\/\\\/deportesanluis.com.ar\\\/\",\"logo\":{\"@type\":\"ImageObject\",\"inLanguage\":\"es-AR\",\"@id\":\"https:\\\/\\\/deportesanluis.com.ar\\\/#\\\/schema\\\/logo\\\/image\\\/\",\"url\":\"https:\\\/\\\/deportesanluis.com.ar\\\/wp-content\\\/uploads\\\/2023\\\/06\\\/DSL-Logo-2023-5.jpg\",\"contentUrl\":\"https:\\\/\\\/deportesanluis.com.ar\\\/wp-content\\\/uploads\\\/2023\\\/06\\\/DSL-Logo-2023-5.jpg\",\"width\":1718,\"height\":845,\"caption\":\"DSL\"},\"image\":{\"@id\":\"https:\\\/\\\/deportesanluis.com.ar\\\/#\\\/schema\\\/logo\\\/image\\\/\"},\"sameAs\":[\"https:\\\/\\\/www.facebook.com\\\/DSLDeporteSanLuis\",\"https:\\\/\\\/x.com\\\/deportesanluis\",\"https:\\\/\\\/www.instagram.com\\\/dsl_deportesanluis\\\/\"]},{\"@type\":\"Person\",\"@id\":\"https:\\\/\\\/deportesanluis.com.ar\\\/#\\\/schema\\\/person\\\/4b3e665481e93d271fced43ee48143c8\",\"name\":\"admin\",\"image\":{\"@type\":\"ImageObject\",\"inLanguage\":\"es-AR\",\"@id\":\"https:\\\/\\\/secure.gravatar.com\\\/avatar\\\/5424b2c21466f502587708c43dbe2dc47b5e643fec67835095677cd3af6ba546?s=96&d=mm&r=g\",\"url\":\"https:\\\/\\\/secure.gravatar.com\\\/avatar\\\/5424b2c21466f502587708c43dbe2dc47b5e643fec67835095677cd3af6ba546?s=96&d=mm&r=g\",\"contentUrl\":\"https:\\\/\\\/secure.gravatar.com\\\/avatar\\\/5424b2c21466f502587708c43dbe2dc47b5e643fec67835095677cd3af6ba546?s=96&d=mm&r=g\",\"caption\":\"admin\"},\"sameAs\":[\"https:\\\/\\\/deportesanluis.com.ar\"],\"url\":\"https:\\\/\\\/deportesanluis.com.ar\\\/author\\\/admin\\\/\"}]}<\/script>\n<!-- \/ Yoast SEO plugin. -->","yoast_head_json":{"title":"Tom\u00e1s Moyano lider\u00f3 la cosecha de medallas argentinas en el Panamericano de Chile - DSL","description":"El ciclista de San Luis fue la gran figura del seleccionado nacional porqu\u00e9, adem\u00e1s del Oro en Omnium, en la \u00faltima jornada conquist\u00f3 el Bronce junto al sanjuanino Ramos en la prueba Madison.\u00a0","robots":{"index":"index","follow":"follow","max-snippet":"max-snippet:-1","max-image-preview":"max-image-preview:large","max-video-preview":"max-video-preview:-1"},"canonical":"https:\/\/deportesanluis.com.ar\/tomas-moyano-lidero-la-cosecha-de-medallas-argentina-en-el-panamericano-de-chile\/","og_locale":"es_ES","og_type":"article","og_title":"Tom\u00e1s Moyano lider\u00f3 la cosecha de medallas argentinas en el Panamericano de Chile - DSL","og_description":"El ciclista de San Luis fue la gran figura del seleccionado nacional porqu\u00e9, adem\u00e1s del Oro en Omnium, en la \u00faltima jornada conquist\u00f3 el Bronce junto al sanjuanino Ramos en la prueba Madison.\u00a0","og_url":"https:\/\/deportesanluis.com.ar\/tomas-moyano-lidero-la-cosecha-de-medallas-argentina-en-el-panamericano-de-chile\/","og_site_name":"DSL","article_publisher":"https:\/\/www.facebook.com\/DSLDeporteSanLuis","article_published_time":"2026-02-24T13:39:17+00:00","article_modified_time":"2026-02-24T13:40:17+00:00","og_image":[{"width":1601,"height":1001,"url":"https:\/\/deportesanluis.com.ar\/wp-content\/uploads\/2026\/02\/Moyano-Oro-2-Panamericano-Chile26.jpg","type":"image\/jpeg"}],"author":"admin","twitter_card":"summary_large_image","twitter_creator":"@deportesanluis","twitter_site":"@deportesanluis","twitter_misc":{"Escrito por":"admin","Tiempo de lectura":"2 minutos"},"schema":{"@context":"https:\/\/schema.org","@graph":[{"@type":"Article","@id":"https:\/\/deportesanluis.com.ar\/tomas-moyano-lidero-la-cosecha-de-medallas-argentina-en-el-panamericano-de-chile\/#article","isPartOf":{"@id":"https:\/\/deportesanluis.com.ar\/tomas-moyano-lidero-la-cosecha-de-medallas-argentina-en-el-panamericano-de-chile\/"},"author":{"name":"admin","@id":"https:\/\/deportesanluis.com.ar\/#\/schema\/person\/4b3e665481e93d271fced43ee48143c8"},"headline":"Tom\u00e1s Moyano lider\u00f3 la cosecha de medallas argentinas en el Panamericano de Chile","datePublished":"2026-02-24T13:39:17+00:00","dateModified":"2026-02-24T13:40:17+00:00","mainEntityOfPage":{"@id":"https:\/\/deportesanluis.com.ar\/tomas-moyano-lidero-la-cosecha-de-medallas-argentina-en-el-panamericano-de-chile\/"},"wordCount":229,"publisher":{"@id":"https:\/\/deportesanluis.com.ar\/#organization"},"image":{"@id":"https:\/\/deportesanluis.com.ar\/tomas-moyano-lidero-la-cosecha-de-medallas-argentina-en-el-panamericano-de-chile\/#primaryimage"},"thumbnailUrl":"https:\/\/deportesanluis.com.ar\/wp-content\/uploads\/2026\/02\/Moyano-Oro-2-Panamericano-Chile26.jpg","keywords":["Ciclismo"],"articleSection":["2","Ciclismo","Poli"],"inLanguage":"es-AR"},{"@type":"WebPage","@id":"https:\/\/deportesanluis.com.ar\/tomas-moyano-lidero-la-cosecha-de-medallas-argentina-en-el-panamericano-de-chile\/","url":"https:\/\/deportesanluis.com.ar\/tomas-moyano-lidero-la-cosecha-de-medallas-argentina-en-el-panamericano-de-chile\/","name":"Tom\u00e1s Moyano lider\u00f3 la cosecha de medallas argentinas en el Panamericano de Chile - DSL","isPartOf":{"@id":"https:\/\/deportesanluis.com.ar\/#website"},"primaryImageOfPage":{"@id":"https:\/\/deportesanluis.com.ar\/tomas-moyano-lidero-la-cosecha-de-medallas-argentina-en-el-panamericano-de-chile\/#primaryimage"},"image":{"@id":"https:\/\/deportesanluis.com.ar\/tomas-moyano-lidero-la-cosecha-de-medallas-argentina-en-el-panamericano-de-chile\/#primaryimage"},"thumbnailUrl":"https:\/\/deportesanluis.com.ar\/wp-content\/uploads\/2026\/02\/Moyano-Oro-2-Panamericano-Chile26.jpg","datePublished":"2026-02-24T13:39:17+00:00","dateModified":"2026-02-24T13:40:17+00:00","description":"El ciclista de San Luis fue la gran figura del seleccionado nacional porqu\u00e9, adem\u00e1s del Oro en Omnium, en la \u00faltima jornada conquist\u00f3 el Bronce junto al sanjuanino Ramos en la prueba Madison.\u00a0","breadcrumb":{"@id":"https:\/\/deportesanluis.com.ar\/tomas-moyano-lidero-la-cosecha-de-medallas-argentina-en-el-panamericano-de-chile\/#breadcrumb"},"inLanguage":"es-AR","potentialAction":[{"@type":"ReadAction","target":["https:\/\/deportesanluis.com.ar\/tomas-moyano-lidero-la-cosecha-de-medallas-argentina-en-el-panamericano-de-chile\/"]}]},{"@type":"ImageObject","inLanguage":"es-AR","@id":"https:\/\/deportesanluis.com.ar\/tomas-moyano-lidero-la-cosecha-de-medallas-argentina-en-el-panamericano-de-chile\/#primaryimage","url":"https:\/\/deportesanluis.com.ar\/wp-content\/uploads\/2026\/02\/Moyano-Oro-2-Panamericano-Chile26.jpg","contentUrl":"https:\/\/deportesanluis.com.ar\/wp-content\/uploads\/2026\/02\/Moyano-Oro-2-Panamericano-Chile26.jpg","width":1601,"height":1001},{"@type":"BreadcrumbList","@id":"https:\/\/deportesanluis.com.ar\/tomas-moyano-lidero-la-cosecha-de-medallas-argentina-en-el-panamericano-de-chile\/#breadcrumb","itemListElement":[{"@type":"ListItem","position":1,"name":"Home","item":"https:\/\/deportesanluis.com.ar\/"},{"@type":"ListItem","position":2,"name":"Tom\u00e1s Moyano lider\u00f3 la cosecha de medallas argentinas en el Panamericano de Chile"}]},{"@type":"WebSite","@id":"https:\/\/deportesanluis.com.ar\/#website","url":"https:\/\/deportesanluis.com.ar\/","name":"deportesanluis.com.ar","description":"Noticias de Deporte de San Luis","publisher":{"@id":"https:\/\/deportesanluis.com.ar\/#organization"},"alternateName":"Deporte SL","potentialAction":[{"@type":"SearchAction","target":{"@type":"EntryPoint","urlTemplate":"https:\/\/deportesanluis.com.ar\/?s={search_term_string}"},"query-input":{"@type":"PropertyValueSpecification","valueRequired":true,"valueName":"search_term_string"}}],"inLanguage":"es-AR"},{"@type":"Organization","@id":"https:\/\/deportesanluis.com.ar\/#organization","name":"DSL","alternateName":"Deporte SL","url":"https:\/\/deportesanluis.com.ar\/","logo":{"@type":"ImageObject","inLanguage":"es-AR","@id":"https:\/\/deportesanluis.com.ar\/#\/schema\/logo\/image\/","url":"https:\/\/deportesanluis.com.ar\/wp-content\/uploads\/2023\/06\/DSL-Logo-2023-5.jpg","contentUrl":"https:\/\/deportesanluis.com.ar\/wp-content\/uploads\/2023\/06\/DSL-Logo-2023-5.jpg","width":1718,"height":845,"caption":"DSL"},"image":{"@id":"https:\/\/deportesanluis.com.ar\/#\/schema\/logo\/image\/"},"sameAs":["https:\/\/www.facebook.com\/DSLDeporteSanLuis","https:\/\/x.com\/deportesanluis","https:\/\/www.instagram.com\/dsl_deportesanluis\/"]},{"@type":"Person","@id":"https:\/\/deportesanluis.com.ar\/#\/schema\/person\/4b3e665481e93d271fced43ee48143c8","name":"admin","image":{"@type":"ImageObject","inLanguage":"es-AR","@id":"https:\/\/secure.gravatar.com\/avatar\/5424b2c21466f502587708c43dbe2dc47b5e643fec67835095677cd3af6ba546?s=96&d=mm&r=g","url":"https:\/\/secure.gravatar.com\/avatar\/5424b2c21466f502587708c43dbe2dc47b5e643fec67835095677cd3af6ba546?s=96&d=mm&r=g","contentUrl":"https:\/\/secure.gravatar.com\/avatar\/5424b2c21466f502587708c43dbe2dc47b5e643fec67835095677cd3af6ba546?s=96&d=mm&r=g","caption":"admin"},"sameAs":["https:\/\/deportesanluis.com.ar"],"url":"https:\/\/deportesanluis.com.ar\/author\/admin\/"}]}},"_links":{"self":[{"href":"https:\/\/deportesanluis.com.ar\/wp-json\/wp\/v2\/posts\/30884","targetHints":{"allow":["GET"]}}],"collection":[{"href":"https:\/\/deportesanluis.com.ar\/wp-json\/wp\/v2\/posts"}],"about":[{"href":"https:\/\/deportesanluis.com.ar\/wp-json\/wp\/v2\/types\/post"}],"author":[{"embeddable":true,"href":"https:\/\/deportesanluis.com.ar\/wp-json\/wp\/v2\/users\/1"}],"replies":[{"embeddable":true,"href":"https:\/\/deportesanluis.com.ar\/wp-json\/wp\/v2\/comments?post=30884"}],"version-history":[{"count":2,"href":"https:\/\/deportesanluis.com.ar\/wp-json\/wp\/v2\/posts\/30884\/revisions"}],"predecessor-version":[{"id":30890,"href":"https:\/\/deportesanluis.com.ar\/wp-json\/wp\/v2\/posts\/30884\/revisions\/30890"}],"wp:featuredmedia":[{"embeddable":true,"href":"https:\/\/deportesanluis.com.ar\/wp-json\/wp\/v2\/media\/30888"}],"wp:attachment":[{"href":"https:\/\/deportesanluis.com.ar\/wp-json\/wp\/v2\/media?parent=30884"}],"wp:term":[{"taxonomy":"category","embeddable":true,"href":"https:\/\/deportesanluis.com.ar\/wp-json\/wp\/v2\/categories?post=30884"},{"taxonomy":"post_tag","embeddable":true,"href":"https:\/\/deportesanluis.com.ar\/wp-json\/wp\/v2\/tags?post=30884"}],"curies":[{"name":"wp","href":"https:\/\/api.w.org\/{rel}","templated":true}]}}