{"id":30898,"date":"2026-02-25T09:26:14","date_gmt":"2026-02-25T12:26:14","guid":{"rendered":"https:\/\/deportesanluis.com.ar\/?p=30898"},"modified":"2026-03-04T09:05:16","modified_gmt":"2026-03-04T12:05:16","slug":"confirmado-juventud-ya-tiene-rivales","status":"publish","type":"post","link":"https:\/\/deportesanluis.com.ar\/confirmado-juventud-ya-tiene-rivales\/","title":{"rendered":"Confirmado: Juventud ya tiene rivales"},"content":{"rendered":"<p>El Concejo Federal de AFA confirm\u00f3 los equipos participantes y como se organizaron cada uno de ellos en las primera fase de la temporada 2026 del Torneo Federal A.<\/p>\n<p>Finalmente y luego de varios rumores, el CF confirm\u00f3 que ser\u00e1n 37 los equipos participantes y que han sido ubicados en cuatro Zonas de acuerdo a la cercan\u00eda geogr\u00e1fica.<\/p>\n<p>Juventud Unida Universitario, el representante de San Luis en el certamen, ser\u00e1 parte de la Zona 3 junto con Hurac\u00e1n Las Heras, Atl. San Mart\u00edn y el reciente ascendido FADEP de Mendoza; Atenas de R\u00edo Cuarto, Dep. Argentino de Monte Ma\u00edz, Costa Brava de Gral. Pico, Dep. Rinc\u00f3n de Rinc\u00f3n de los Sauces y Cipolletti de R\u00edo Negro.<\/p>\n<p>Desde el CF indicaron que, es muy probable, que este viernes se confeccione el fixture de cada una de las Zonas.<\/p>\n\r\n                <style type=\"text\/css\">\r\n                    \r\n                    #tdi_1  .td-doubleSlider-2 .td-item1 {\r\n                        background: url(https:\/\/deportesanluis.com.ar\/wp-content\/uploads\/2026\/02\/FA26-Zona1-1-80x60.webp) 0 0 no-repeat;\r\n                    }\r\n                    #tdi_1  .td-doubleSlider-2 .td-item2 {\r\n                        background: url(https:\/\/deportesanluis.com.ar\/wp-content\/uploads\/2026\/02\/FA26-Zona2-80x60.webp) 0 0 no-repeat;\r\n                    }\r\n                    #tdi_1  .td-doubleSlider-2 .td-item3 {\r\n                        background: url(https:\/\/deportesanluis.com.ar\/wp-content\/uploads\/2026\/02\/FA26-Zona3-80x60.webp) 0 0 no-repeat;\r\n                    }\r\n                    #tdi_1  .td-doubleSlider-2 .td-item4 {\r\n                        background: url(https:\/\/deportesanluis.com.ar\/wp-content\/uploads\/2026\/02\/FA26-Zona4-80x60.webp) 0 0 no-repeat;\r\n                    }\r\n                <\/style>\r\n\r\n                <div id=\"tdi_1\" class=\"td-gallery td-slide-on-2-columns\">\r\n                    <div class=\"post_td_gallery\">\r\n                        <div class=\"td-gallery-slide-top\">\r\n                           <div class=\"td-gallery-title\"><\/div>\r\n\r\n                            <div class=\"td-gallery-controls-wrapper\">\r\n                                <div class=\"td-gallery-slide-count\"><span class=\"td-gallery-slide-item-focus\">1<\/span> de 4<\/div>\r\n                                <div class=\"td-gallery-slide-prev-next-but\">\r\n                                    <i class = \"td-icon-left doubleSliderPrevButton\"><\/i>\r\n                                    <i class = \"td-icon-right doubleSliderNextButton\"><\/i>\r\n                                <\/div>\r\n                            <\/div>\r\n                        <\/div>\r\n\r\n                        <div class = \"td-doubleSlider-1 \">\r\n                            <div class = \"td-slider\">\r\n                                \r\n                    <div class = \"td-slide-item td-item1\">\r\n                        <figure class=\"td-slide-galery-figure td-slide-popup-gallery\">\r\n                            <a class=\"slide-gallery-image-link\" href=\"https:\/\/deportesanluis.com.ar\/wp-content\/uploads\/2026\/02\/FA26-Zona1-1.webp\" title=\"FA26-Zona1\"  data-caption=\"\"  data-description=\"\">\r\n                                <img decoding=\"async\" src=\"https:\/\/deportesanluis.com.ar\/wp-content\/uploads\/2026\/02\/FA26-Zona1-1-336x420.webp\" srcset=\"https:\/\/deportesanluis.com.ar\/wp-content\/uploads\/2026\/02\/FA26-Zona1-1-336x420.webp 336w, https:\/\/deportesanluis.com.ar\/wp-content\/uploads\/2026\/02\/FA26-Zona1-1-240x300.webp 240w, https:\/\/deportesanluis.com.ar\/wp-content\/uploads\/2026\/02\/FA26-Zona1-1-819x1024.webp 819w, https:\/\/deportesanluis.com.ar\/wp-content\/uploads\/2026\/02\/FA26-Zona1-1-768x960.webp 768w, https:\/\/deportesanluis.com.ar\/wp-content\/uploads\/2026\/02\/FA26-Zona1-1-150x188.webp 150w, https:\/\/deportesanluis.com.ar\/wp-content\/uploads\/2026\/02\/FA26-Zona1-1-300x375.webp 300w, https:\/\/deportesanluis.com.ar\/wp-content\/uploads\/2026\/02\/FA26-Zona1-1-696x870.webp 696w, https:\/\/deportesanluis.com.ar\/wp-content\/uploads\/2026\/02\/FA26-Zona1-1-1068x1335.webp 1068w, https:\/\/deportesanluis.com.ar\/wp-content\/uploads\/2026\/02\/FA26-Zona1-1.webp 1080w\" sizes=\"(max-width: 336px) 100vw, 336px\" alt=\"\">\r\n                            <\/a>\r\n                            \r\n                        <\/figure>\r\n                    <\/div>\r\n                    <div class = \"td-slide-item td-item2\">\r\n                        <figure class=\"td-slide-galery-figure td-slide-popup-gallery\">\r\n                            <a class=\"slide-gallery-image-link\" href=\"https:\/\/deportesanluis.com.ar\/wp-content\/uploads\/2026\/02\/FA26-Zona2.webp\" title=\"FA26-Zona2\"  data-caption=\"\"  data-description=\"\">\r\n                                <img decoding=\"async\" src=\"https:\/\/deportesanluis.com.ar\/wp-content\/uploads\/2026\/02\/FA26-Zona2-336x420.webp\" srcset=\"https:\/\/deportesanluis.com.ar\/wp-content\/uploads\/2026\/02\/FA26-Zona2-336x420.webp 336w, https:\/\/deportesanluis.com.ar\/wp-content\/uploads\/2026\/02\/FA26-Zona2-240x300.webp 240w, https:\/\/deportesanluis.com.ar\/wp-content\/uploads\/2026\/02\/FA26-Zona2-819x1024.webp 819w, https:\/\/deportesanluis.com.ar\/wp-content\/uploads\/2026\/02\/FA26-Zona2-768x960.webp 768w, https:\/\/deportesanluis.com.ar\/wp-content\/uploads\/2026\/02\/FA26-Zona2-150x188.webp 150w, https:\/\/deportesanluis.com.ar\/wp-content\/uploads\/2026\/02\/FA26-Zona2-300x375.webp 300w, https:\/\/deportesanluis.com.ar\/wp-content\/uploads\/2026\/02\/FA26-Zona2-696x870.webp 696w, https:\/\/deportesanluis.com.ar\/wp-content\/uploads\/2026\/02\/FA26-Zona2-1068x1335.webp 1068w, https:\/\/deportesanluis.com.ar\/wp-content\/uploads\/2026\/02\/FA26-Zona2.webp 1080w\" sizes=\"(max-width: 336px) 100vw, 336px\" alt=\"\">\r\n                            <\/a>\r\n                            \r\n                        <\/figure>\r\n                    <\/div>\r\n                    <div class = \"td-slide-item td-item3\">\r\n                        <figure class=\"td-slide-galery-figure td-slide-popup-gallery\">\r\n                            <a class=\"slide-gallery-image-link\" href=\"https:\/\/deportesanluis.com.ar\/wp-content\/uploads\/2026\/02\/FA26-Zona3.webp\" title=\"FA26-Zona3\"  data-caption=\"\"  data-description=\"\">\r\n                                <img decoding=\"async\" src=\"https:\/\/deportesanluis.com.ar\/wp-content\/uploads\/2026\/02\/FA26-Zona3-336x420.webp\" srcset=\"https:\/\/deportesanluis.com.ar\/wp-content\/uploads\/2026\/02\/FA26-Zona3-336x420.webp 336w, https:\/\/deportesanluis.com.ar\/wp-content\/uploads\/2026\/02\/FA26-Zona3-240x300.webp 240w, https:\/\/deportesanluis.com.ar\/wp-content\/uploads\/2026\/02\/FA26-Zona3-819x1024.webp 819w, https:\/\/deportesanluis.com.ar\/wp-content\/uploads\/2026\/02\/FA26-Zona3-768x960.webp 768w, https:\/\/deportesanluis.com.ar\/wp-content\/uploads\/2026\/02\/FA26-Zona3-150x188.webp 150w, https:\/\/deportesanluis.com.ar\/wp-content\/uploads\/2026\/02\/FA26-Zona3-300x375.webp 300w, https:\/\/deportesanluis.com.ar\/wp-content\/uploads\/2026\/02\/FA26-Zona3-696x870.webp 696w, https:\/\/deportesanluis.com.ar\/wp-content\/uploads\/2026\/02\/FA26-Zona3-1068x1335.webp 1068w, https:\/\/deportesanluis.com.ar\/wp-content\/uploads\/2026\/02\/FA26-Zona3.webp 1080w\" sizes=\"(max-width: 336px) 100vw, 336px\" alt=\"\">\r\n                            <\/a>\r\n                            \r\n                        <\/figure>\r\n                    <\/div>\r\n                    <div class = \"td-slide-item td-item4\">\r\n                        <figure class=\"td-slide-galery-figure td-slide-popup-gallery\">\r\n                            <a class=\"slide-gallery-image-link\" href=\"https:\/\/deportesanluis.com.ar\/wp-content\/uploads\/2026\/02\/FA26-Zona4.webp\" title=\"FA26-Zona4\"  data-caption=\"\"  data-description=\"\">\r\n                                <img decoding=\"async\" src=\"https:\/\/deportesanluis.com.ar\/wp-content\/uploads\/2026\/02\/FA26-Zona4-336x420.webp\" srcset=\"https:\/\/deportesanluis.com.ar\/wp-content\/uploads\/2026\/02\/FA26-Zona4-336x420.webp 336w, https:\/\/deportesanluis.com.ar\/wp-content\/uploads\/2026\/02\/FA26-Zona4-240x300.webp 240w, https:\/\/deportesanluis.com.ar\/wp-content\/uploads\/2026\/02\/FA26-Zona4-819x1024.webp 819w, https:\/\/deportesanluis.com.ar\/wp-content\/uploads\/2026\/02\/FA26-Zona4-768x960.webp 768w, https:\/\/deportesanluis.com.ar\/wp-content\/uploads\/2026\/02\/FA26-Zona4-150x188.webp 150w, https:\/\/deportesanluis.com.ar\/wp-content\/uploads\/2026\/02\/FA26-Zona4-300x375.webp 300w, https:\/\/deportesanluis.com.ar\/wp-content\/uploads\/2026\/02\/FA26-Zona4-696x870.webp 696w, https:\/\/deportesanluis.com.ar\/wp-content\/uploads\/2026\/02\/FA26-Zona4-1068x1335.webp 1068w, https:\/\/deportesanluis.com.ar\/wp-content\/uploads\/2026\/02\/FA26-Zona4.webp 1080w\" sizes=\"(max-width: 336px) 100vw, 336px\" alt=\"\">\r\n                            <\/a>\r\n                            \r\n                        <\/figure>\r\n                    <\/div>\r\n                            <\/div>\r\n                        <\/div>\r\n\r\n                        <div class = \"td-doubleSlider-2\">\r\n                            <div class = \"td-slider\">\r\n                                \r\n                    <div class = \"td-button td-item1\">\r\n                        <div class = \"td-border\"><\/div>\r\n                    <\/div>\r\n                    <div class = \"td-button td-item2\">\r\n                        <div class = \"td-border\"><\/div>\r\n                    <\/div>\r\n                    <div class = \"td-button td-item3\">\r\n                        <div class = \"td-border\"><\/div>\r\n                    <\/div>\r\n                    <div class = \"td-button td-item4\">\r\n                        <div class = \"td-border\"><\/div>\r\n                    <\/div>\r\n                            <\/div>\r\n                        <\/div>\r\n\r\n                    <\/div>\r\n\r\n                <\/div>\r\n                \n<hr \/>\n<p><strong>Nota:<\/strong> Redacci\u00f3n<\/p>\n","protected":false},"excerpt":{"rendered":"<p>El elenco puntano ser\u00e1 parte de la Zona 3 del Torneo Federal A con rivales de Mendoza, La Pampa, Neuqu\u00e9n y R\u00edo Negro. Este viernes se confirmar\u00eda el fixture.<\/p>\n","protected":false},"author":1,"featured_media":30906,"comment_status":"closed","ping_status":"closed","sticky":false,"template":"","format":"standard","meta":{"footnotes":""},"categories":[85,46],"tags":[86,48,87],"class_list":{"0":"post-30898","1":"post","2":"type-post","3":"status-publish","4":"format-standard","5":"has-post-thumbnail","7":"category-federal-a","8":"category-futbol","9":"tag-federal-a","10":"tag-futbol","11":"tag-juventud"},"yoast_head":"<!-- This site is optimized with the Yoast SEO plugin v27.4 - https:\/\/yoast.com\/product\/yoast-seo-wordpress\/ -->\n<title>Confirmado: Juventud ya tiene rivales - DSL<\/title>\n<meta name=\"description\" content=\"El elenco puntano ser\u00e1 parte de la Zona 3 del Torneo Federal A con rivales de Mendoza, La Pampa, Neuqu\u00e9n y R\u00edo Negro. Este viernes se confirmar\u00eda el fixture.\" \/>\n<meta name=\"robots\" content=\"index, follow, max-snippet:-1, max-image-preview:large, max-video-preview:-1\" \/>\n<link rel=\"canonical\" href=\"https:\/\/deportesanluis.com.ar\/confirmado-juventud-ya-tiene-rivales\/\" \/>\n<meta property=\"og:locale\" content=\"es_ES\" \/>\n<meta property=\"og:type\" content=\"article\" \/>\n<meta property=\"og:title\" content=\"Confirmado: Juventud ya tiene rivales - DSL\" \/>\n<meta property=\"og:description\" content=\"El elenco puntano ser\u00e1 parte de la Zona 3 del Torneo Federal A con rivales de Mendoza, La Pampa, Neuqu\u00e9n y R\u00edo Negro. Este viernes se confirmar\u00eda el fixture.\" \/>\n<meta property=\"og:url\" content=\"https:\/\/deportesanluis.com.ar\/confirmado-juventud-ya-tiene-rivales\/\" \/>\n<meta property=\"og:site_name\" content=\"DSL\" \/>\n<meta property=\"article:publisher\" content=\"https:\/\/www.facebook.com\/DSLDeporteSanLuis\" \/>\n<meta property=\"article:published_time\" content=\"2026-02-25T12:26:14+00:00\" \/>\n<meta property=\"article:modified_time\" content=\"2026-03-04T12:05:16+00:00\" \/>\n<meta property=\"og:image\" content=\"https:\/\/deportesanluis.com.ar\/wp-content\/uploads\/2026\/02\/FederalA-2026-Portada-3.jpg\" \/>\n\t<meta property=\"og:image:width\" content=\"2181\" \/>\n\t<meta property=\"og:image:height\" content=\"1381\" \/>\n\t<meta property=\"og:image:type\" content=\"image\/jpeg\" \/>\n<meta name=\"author\" content=\"admin\" \/>\n<meta name=\"twitter:card\" content=\"summary_large_image\" \/>\n<meta name=\"twitter:creator\" content=\"@deportesanluis\" \/>\n<meta name=\"twitter:site\" content=\"@deportesanluis\" \/>\n<meta name=\"twitter:label1\" content=\"Escrito por\" \/>\n\t<meta name=\"twitter:data1\" content=\"admin\" \/>\n\t<meta name=\"twitter:label2\" content=\"Tiempo de lectura\" \/>\n\t<meta name=\"twitter:data2\" content=\"1 minuto\" \/>\n<script type=\"application\/ld+json\" class=\"yoast-schema-graph\">{\"@context\":\"https:\\\/\\\/schema.org\",\"@graph\":[{\"@type\":\"Article\",\"@id\":\"https:\\\/\\\/deportesanluis.com.ar\\\/confirmado-juventud-ya-tiene-rivales\\\/#article\",\"isPartOf\":{\"@id\":\"https:\\\/\\\/deportesanluis.com.ar\\\/confirmado-juventud-ya-tiene-rivales\\\/\"},\"author\":{\"name\":\"admin\",\"@id\":\"https:\\\/\\\/deportesanluis.com.ar\\\/#\\\/schema\\\/person\\\/4b3e665481e93d271fced43ee48143c8\"},\"headline\":\"Confirmado: Juventud ya tiene rivales\",\"datePublished\":\"2026-02-25T12:26:14+00:00\",\"dateModified\":\"2026-03-04T12:05:16+00:00\",\"mainEntityOfPage\":{\"@id\":\"https:\\\/\\\/deportesanluis.com.ar\\\/confirmado-juventud-ya-tiene-rivales\\\/\"},\"wordCount\":163,\"publisher\":{\"@id\":\"https:\\\/\\\/deportesanluis.com.ar\\\/#organization\"},\"image\":{\"@id\":\"https:\\\/\\\/deportesanluis.com.ar\\\/confirmado-juventud-ya-tiene-rivales\\\/#primaryimage\"},\"thumbnailUrl\":\"https:\\\/\\\/deportesanluis.com.ar\\\/wp-content\\\/uploads\\\/2026\\\/02\\\/FederalA-2026-Portada-3.jpg\",\"keywords\":[\"Federal A\",\"F\u00fatbol\",\"Juventud\"],\"articleSection\":[\"FA\",\"F\u00fatbol\"],\"inLanguage\":\"es-AR\"},{\"@type\":\"WebPage\",\"@id\":\"https:\\\/\\\/deportesanluis.com.ar\\\/confirmado-juventud-ya-tiene-rivales\\\/\",\"url\":\"https:\\\/\\\/deportesanluis.com.ar\\\/confirmado-juventud-ya-tiene-rivales\\\/\",\"name\":\"Confirmado: Juventud ya tiene rivales - DSL\",\"isPartOf\":{\"@id\":\"https:\\\/\\\/deportesanluis.com.ar\\\/#website\"},\"primaryImageOfPage\":{\"@id\":\"https:\\\/\\\/deportesanluis.com.ar\\\/confirmado-juventud-ya-tiene-rivales\\\/#primaryimage\"},\"image\":{\"@id\":\"https:\\\/\\\/deportesanluis.com.ar\\\/confirmado-juventud-ya-tiene-rivales\\\/#primaryimage\"},\"thumbnailUrl\":\"https:\\\/\\\/deportesanluis.com.ar\\\/wp-content\\\/uploads\\\/2026\\\/02\\\/FederalA-2026-Portada-3.jpg\",\"datePublished\":\"2026-02-25T12:26:14+00:00\",\"dateModified\":\"2026-03-04T12:05:16+00:00\",\"description\":\"El elenco puntano ser\u00e1 parte de la Zona 3 del Torneo Federal A con rivales de Mendoza, La Pampa, Neuqu\u00e9n y R\u00edo Negro. Este viernes se confirmar\u00eda el fixture.\",\"breadcrumb\":{\"@id\":\"https:\\\/\\\/deportesanluis.com.ar\\\/confirmado-juventud-ya-tiene-rivales\\\/#breadcrumb\"},\"inLanguage\":\"es-AR\",\"potentialAction\":[{\"@type\":\"ReadAction\",\"target\":[\"https:\\\/\\\/deportesanluis.com.ar\\\/confirmado-juventud-ya-tiene-rivales\\\/\"]}]},{\"@type\":\"ImageObject\",\"inLanguage\":\"es-AR\",\"@id\":\"https:\\\/\\\/deportesanluis.com.ar\\\/confirmado-juventud-ya-tiene-rivales\\\/#primaryimage\",\"url\":\"https:\\\/\\\/deportesanluis.com.ar\\\/wp-content\\\/uploads\\\/2026\\\/02\\\/FederalA-2026-Portada-3.jpg\",\"contentUrl\":\"https:\\\/\\\/deportesanluis.com.ar\\\/wp-content\\\/uploads\\\/2026\\\/02\\\/FederalA-2026-Portada-3.jpg\",\"width\":2181,\"height\":1381},{\"@type\":\"BreadcrumbList\",\"@id\":\"https:\\\/\\\/deportesanluis.com.ar\\\/confirmado-juventud-ya-tiene-rivales\\\/#breadcrumb\",\"itemListElement\":[{\"@type\":\"ListItem\",\"position\":1,\"name\":\"Home\",\"item\":\"https:\\\/\\\/deportesanluis.com.ar\\\/\"},{\"@type\":\"ListItem\",\"position\":2,\"name\":\"Confirmado: Juventud ya tiene rivales\"}]},{\"@type\":\"WebSite\",\"@id\":\"https:\\\/\\\/deportesanluis.com.ar\\\/#website\",\"url\":\"https:\\\/\\\/deportesanluis.com.ar\\\/\",\"name\":\"deportesanluis.com.ar\",\"description\":\"Noticias de Deporte de San Luis\",\"publisher\":{\"@id\":\"https:\\\/\\\/deportesanluis.com.ar\\\/#organization\"},\"alternateName\":\"Deporte SL\",\"potentialAction\":[{\"@type\":\"SearchAction\",\"target\":{\"@type\":\"EntryPoint\",\"urlTemplate\":\"https:\\\/\\\/deportesanluis.com.ar\\\/?s={search_term_string}\"},\"query-input\":{\"@type\":\"PropertyValueSpecification\",\"valueRequired\":true,\"valueName\":\"search_term_string\"}}],\"inLanguage\":\"es-AR\"},{\"@type\":\"Organization\",\"@id\":\"https:\\\/\\\/deportesanluis.com.ar\\\/#organization\",\"name\":\"DSL\",\"alternateName\":\"Deporte SL\",\"url\":\"https:\\\/\\\/deportesanluis.com.ar\\\/\",\"logo\":{\"@type\":\"ImageObject\",\"inLanguage\":\"es-AR\",\"@id\":\"https:\\\/\\\/deportesanluis.com.ar\\\/#\\\/schema\\\/logo\\\/image\\\/\",\"url\":\"https:\\\/\\\/deportesanluis.com.ar\\\/wp-content\\\/uploads\\\/2023\\\/06\\\/DSL-Logo-2023-5.jpg\",\"contentUrl\":\"https:\\\/\\\/deportesanluis.com.ar\\\/wp-content\\\/uploads\\\/2023\\\/06\\\/DSL-Logo-2023-5.jpg\",\"width\":1718,\"height\":845,\"caption\":\"DSL\"},\"image\":{\"@id\":\"https:\\\/\\\/deportesanluis.com.ar\\\/#\\\/schema\\\/logo\\\/image\\\/\"},\"sameAs\":[\"https:\\\/\\\/www.facebook.com\\\/DSLDeporteSanLuis\",\"https:\\\/\\\/x.com\\\/deportesanluis\",\"https:\\\/\\\/www.instagram.com\\\/dsl_deportesanluis\\\/\"]},{\"@type\":\"Person\",\"@id\":\"https:\\\/\\\/deportesanluis.com.ar\\\/#\\\/schema\\\/person\\\/4b3e665481e93d271fced43ee48143c8\",\"name\":\"admin\",\"image\":{\"@type\":\"ImageObject\",\"inLanguage\":\"es-AR\",\"@id\":\"https:\\\/\\\/secure.gravatar.com\\\/avatar\\\/5424b2c21466f502587708c43dbe2dc47b5e643fec67835095677cd3af6ba546?s=96&d=mm&r=g\",\"url\":\"https:\\\/\\\/secure.gravatar.com\\\/avatar\\\/5424b2c21466f502587708c43dbe2dc47b5e643fec67835095677cd3af6ba546?s=96&d=mm&r=g\",\"contentUrl\":\"https:\\\/\\\/secure.gravatar.com\\\/avatar\\\/5424b2c21466f502587708c43dbe2dc47b5e643fec67835095677cd3af6ba546?s=96&d=mm&r=g\",\"caption\":\"admin\"},\"sameAs\":[\"https:\\\/\\\/deportesanluis.com.ar\"],\"url\":\"https:\\\/\\\/deportesanluis.com.ar\\\/author\\\/admin\\\/\"}]}<\/script>\n<!-- \/ Yoast SEO plugin. -->","yoast_head_json":{"title":"Confirmado: Juventud ya tiene rivales - DSL","description":"El elenco puntano ser\u00e1 parte de la Zona 3 del Torneo Federal A con rivales de Mendoza, La Pampa, Neuqu\u00e9n y R\u00edo Negro. Este viernes se confirmar\u00eda el fixture.","robots":{"index":"index","follow":"follow","max-snippet":"max-snippet:-1","max-image-preview":"max-image-preview:large","max-video-preview":"max-video-preview:-1"},"canonical":"https:\/\/deportesanluis.com.ar\/confirmado-juventud-ya-tiene-rivales\/","og_locale":"es_ES","og_type":"article","og_title":"Confirmado: Juventud ya tiene rivales - DSL","og_description":"El elenco puntano ser\u00e1 parte de la Zona 3 del Torneo Federal A con rivales de Mendoza, La Pampa, Neuqu\u00e9n y R\u00edo Negro. Este viernes se confirmar\u00eda el fixture.","og_url":"https:\/\/deportesanluis.com.ar\/confirmado-juventud-ya-tiene-rivales\/","og_site_name":"DSL","article_publisher":"https:\/\/www.facebook.com\/DSLDeporteSanLuis","article_published_time":"2026-02-25T12:26:14+00:00","article_modified_time":"2026-03-04T12:05:16+00:00","og_image":[{"width":2181,"height":1381,"url":"https:\/\/deportesanluis.com.ar\/wp-content\/uploads\/2026\/02\/FederalA-2026-Portada-3.jpg","type":"image\/jpeg"}],"author":"admin","twitter_card":"summary_large_image","twitter_creator":"@deportesanluis","twitter_site":"@deportesanluis","twitter_misc":{"Escrito por":"admin","Tiempo de lectura":"1 minuto"},"schema":{"@context":"https:\/\/schema.org","@graph":[{"@type":"Article","@id":"https:\/\/deportesanluis.com.ar\/confirmado-juventud-ya-tiene-rivales\/#article","isPartOf":{"@id":"https:\/\/deportesanluis.com.ar\/confirmado-juventud-ya-tiene-rivales\/"},"author":{"name":"admin","@id":"https:\/\/deportesanluis.com.ar\/#\/schema\/person\/4b3e665481e93d271fced43ee48143c8"},"headline":"Confirmado: Juventud ya tiene rivales","datePublished":"2026-02-25T12:26:14+00:00","dateModified":"2026-03-04T12:05:16+00:00","mainEntityOfPage":{"@id":"https:\/\/deportesanluis.com.ar\/confirmado-juventud-ya-tiene-rivales\/"},"wordCount":163,"publisher":{"@id":"https:\/\/deportesanluis.com.ar\/#organization"},"image":{"@id":"https:\/\/deportesanluis.com.ar\/confirmado-juventud-ya-tiene-rivales\/#primaryimage"},"thumbnailUrl":"https:\/\/deportesanluis.com.ar\/wp-content\/uploads\/2026\/02\/FederalA-2026-Portada-3.jpg","keywords":["Federal A","F\u00fatbol","Juventud"],"articleSection":["FA","F\u00fatbol"],"inLanguage":"es-AR"},{"@type":"WebPage","@id":"https:\/\/deportesanluis.com.ar\/confirmado-juventud-ya-tiene-rivales\/","url":"https:\/\/deportesanluis.com.ar\/confirmado-juventud-ya-tiene-rivales\/","name":"Confirmado: Juventud ya tiene rivales - DSL","isPartOf":{"@id":"https:\/\/deportesanluis.com.ar\/#website"},"primaryImageOfPage":{"@id":"https:\/\/deportesanluis.com.ar\/confirmado-juventud-ya-tiene-rivales\/#primaryimage"},"image":{"@id":"https:\/\/deportesanluis.com.ar\/confirmado-juventud-ya-tiene-rivales\/#primaryimage"},"thumbnailUrl":"https:\/\/deportesanluis.com.ar\/wp-content\/uploads\/2026\/02\/FederalA-2026-Portada-3.jpg","datePublished":"2026-02-25T12:26:14+00:00","dateModified":"2026-03-04T12:05:16+00:00","description":"El elenco puntano ser\u00e1 parte de la Zona 3 del Torneo Federal A con rivales de Mendoza, La Pampa, Neuqu\u00e9n y R\u00edo Negro. Este viernes se confirmar\u00eda el fixture.","breadcrumb":{"@id":"https:\/\/deportesanluis.com.ar\/confirmado-juventud-ya-tiene-rivales\/#breadcrumb"},"inLanguage":"es-AR","potentialAction":[{"@type":"ReadAction","target":["https:\/\/deportesanluis.com.ar\/confirmado-juventud-ya-tiene-rivales\/"]}]},{"@type":"ImageObject","inLanguage":"es-AR","@id":"https:\/\/deportesanluis.com.ar\/confirmado-juventud-ya-tiene-rivales\/#primaryimage","url":"https:\/\/deportesanluis.com.ar\/wp-content\/uploads\/2026\/02\/FederalA-2026-Portada-3.jpg","contentUrl":"https:\/\/deportesanluis.com.ar\/wp-content\/uploads\/2026\/02\/FederalA-2026-Portada-3.jpg","width":2181,"height":1381},{"@type":"BreadcrumbList","@id":"https:\/\/deportesanluis.com.ar\/confirmado-juventud-ya-tiene-rivales\/#breadcrumb","itemListElement":[{"@type":"ListItem","position":1,"name":"Home","item":"https:\/\/deportesanluis.com.ar\/"},{"@type":"ListItem","position":2,"name":"Confirmado: Juventud ya tiene rivales"}]},{"@type":"WebSite","@id":"https:\/\/deportesanluis.com.ar\/#website","url":"https:\/\/deportesanluis.com.ar\/","name":"deportesanluis.com.ar","description":"Noticias de Deporte de San Luis","publisher":{"@id":"https:\/\/deportesanluis.com.ar\/#organization"},"alternateName":"Deporte SL","potentialAction":[{"@type":"SearchAction","target":{"@type":"EntryPoint","urlTemplate":"https:\/\/deportesanluis.com.ar\/?s={search_term_string}"},"query-input":{"@type":"PropertyValueSpecification","valueRequired":true,"valueName":"search_term_string"}}],"inLanguage":"es-AR"},{"@type":"Organization","@id":"https:\/\/deportesanluis.com.ar\/#organization","name":"DSL","alternateName":"Deporte SL","url":"https:\/\/deportesanluis.com.ar\/","logo":{"@type":"ImageObject","inLanguage":"es-AR","@id":"https:\/\/deportesanluis.com.ar\/#\/schema\/logo\/image\/","url":"https:\/\/deportesanluis.com.ar\/wp-content\/uploads\/2023\/06\/DSL-Logo-2023-5.jpg","contentUrl":"https:\/\/deportesanluis.com.ar\/wp-content\/uploads\/2023\/06\/DSL-Logo-2023-5.jpg","width":1718,"height":845,"caption":"DSL"},"image":{"@id":"https:\/\/deportesanluis.com.ar\/#\/schema\/logo\/image\/"},"sameAs":["https:\/\/www.facebook.com\/DSLDeporteSanLuis","https:\/\/x.com\/deportesanluis","https:\/\/www.instagram.com\/dsl_deportesanluis\/"]},{"@type":"Person","@id":"https:\/\/deportesanluis.com.ar\/#\/schema\/person\/4b3e665481e93d271fced43ee48143c8","name":"admin","image":{"@type":"ImageObject","inLanguage":"es-AR","@id":"https:\/\/secure.gravatar.com\/avatar\/5424b2c21466f502587708c43dbe2dc47b5e643fec67835095677cd3af6ba546?s=96&d=mm&r=g","url":"https:\/\/secure.gravatar.com\/avatar\/5424b2c21466f502587708c43dbe2dc47b5e643fec67835095677cd3af6ba546?s=96&d=mm&r=g","contentUrl":"https:\/\/secure.gravatar.com\/avatar\/5424b2c21466f502587708c43dbe2dc47b5e643fec67835095677cd3af6ba546?s=96&d=mm&r=g","caption":"admin"},"sameAs":["https:\/\/deportesanluis.com.ar"],"url":"https:\/\/deportesanluis.com.ar\/author\/admin\/"}]}},"_links":{"self":[{"href":"https:\/\/deportesanluis.com.ar\/wp-json\/wp\/v2\/posts\/30898","targetHints":{"allow":["GET"]}}],"collection":[{"href":"https:\/\/deportesanluis.com.ar\/wp-json\/wp\/v2\/posts"}],"about":[{"href":"https:\/\/deportesanluis.com.ar\/wp-json\/wp\/v2\/types\/post"}],"author":[{"embeddable":true,"href":"https:\/\/deportesanluis.com.ar\/wp-json\/wp\/v2\/users\/1"}],"replies":[{"embeddable":true,"href":"https:\/\/deportesanluis.com.ar\/wp-json\/wp\/v2\/comments?post=30898"}],"version-history":[{"count":1,"href":"https:\/\/deportesanluis.com.ar\/wp-json\/wp\/v2\/posts\/30898\/revisions"}],"predecessor-version":[{"id":30905,"href":"https:\/\/deportesanluis.com.ar\/wp-json\/wp\/v2\/posts\/30898\/revisions\/30905"}],"wp:featuredmedia":[{"embeddable":true,"href":"https:\/\/deportesanluis.com.ar\/wp-json\/wp\/v2\/media\/30906"}],"wp:attachment":[{"href":"https:\/\/deportesanluis.com.ar\/wp-json\/wp\/v2\/media?parent=30898"}],"wp:term":[{"taxonomy":"category","embeddable":true,"href":"https:\/\/deportesanluis.com.ar\/wp-json\/wp\/v2\/categories?post=30898"},{"taxonomy":"post_tag","embeddable":true,"href":"https:\/\/deportesanluis.com.ar\/wp-json\/wp\/v2\/tags?post=30898"}],"curies":[{"name":"wp","href":"https:\/\/api.w.org\/{rel}","templated":true}]}}