{"id":30909,"date":"2026-02-25T11:46:43","date_gmt":"2026-02-25T14:46:43","guid":{"rendered":"https:\/\/deportesanluis.com.ar\/?p=30909"},"modified":"2026-03-01T10:02:37","modified_gmt":"2026-03-01T13:02:37","slug":"seis-puntanos-comienzan-a-acelerar-en-madariaga","status":"publish","type":"post","link":"https:\/\/deportesanluis.com.ar\/seis-puntanos-comienzan-a-acelerar-en-madariaga\/","title":{"rendered":"Puntanos comienzan a acelerar en Madariaga"},"content":{"rendered":"<p>La organizaci\u00f3n del Rally Argentino confirm\u00f3 la lista de binomios inscriptos para la primera fecha de la temporada 2026, el Rally Pagos del Tuyu que se disputar\u00e1 desde este viernes en Gral. Madariaga, provincia de Buenos Aires. La gran novedad es que seis puntanos estar\u00e1n en la rampa de largada.<\/p>\n<p><a href=\"https:\/\/deportesanluis.com.ar\/wp-content\/uploads\/2025\/10\/Baldoni-Campeon-1-RA25.jpg\"><img loading=\"lazy\" decoding=\"async\" class=\"aligncenter size-full wp-image-29107\" src=\"https:\/\/deportesanluis.com.ar\/wp-content\/uploads\/2025\/10\/Baldoni-Campeon-1-RA25.jpg\" alt=\"\" width=\"800\" height=\"500\" srcset=\"https:\/\/deportesanluis.com.ar\/wp-content\/uploads\/2025\/10\/Baldoni-Campeon-1-RA25.jpg 800w, https:\/\/deportesanluis.com.ar\/wp-content\/uploads\/2025\/10\/Baldoni-Campeon-1-RA25-300x188.jpg 300w, https:\/\/deportesanluis.com.ar\/wp-content\/uploads\/2025\/10\/Baldoni-Campeon-1-RA25-768x480.jpg 768w, https:\/\/deportesanluis.com.ar\/wp-content\/uploads\/2025\/10\/Baldoni-Campeon-1-RA25-672x420.jpg 672w, https:\/\/deportesanluis.com.ar\/wp-content\/uploads\/2025\/10\/Baldoni-Campeon-1-RA25-150x94.jpg 150w, https:\/\/deportesanluis.com.ar\/wp-content\/uploads\/2025\/10\/Baldoni-Campeon-1-RA25-696x435.jpg 696w\" sizes=\"auto, (max-width: 800px) 100vw, 800px\" \/><\/a><\/p>\n<p>En la RC2 y defendiendo el t\u00edtulo estar\u00e1 Miguel Baldoni junto a Gustavo Franchello en un flamante Skoda Fabia. En la misma divisional y al menos por esta fecha, estar\u00e1 ausente el mercedino Mat\u00edas Ramos quien navega al sanjuanino Gast\u00f3n Past\u00e9n.<\/p>\n<figure id=\"attachment_29819\" aria-describedby=\"caption-attachment-29819\" style=\"width: 800px\" class=\"wp-caption aligncenter\"><a href=\"https:\/\/deportesanluis.com.ar\/wp-content\/uploads\/2025\/12\/Ramiro-Kauffmann-MinaClavero-1-RA25.jpeg\"><img loading=\"lazy\" decoding=\"async\" class=\"size-full wp-image-29819\" src=\"https:\/\/deportesanluis.com.ar\/wp-content\/uploads\/2025\/12\/Ramiro-Kauffmann-MinaClavero-1-RA25.jpeg\" alt=\"\" width=\"800\" height=\"500\" srcset=\"https:\/\/deportesanluis.com.ar\/wp-content\/uploads\/2025\/12\/Ramiro-Kauffmann-MinaClavero-1-RA25.jpeg 800w, https:\/\/deportesanluis.com.ar\/wp-content\/uploads\/2025\/12\/Ramiro-Kauffmann-MinaClavero-1-RA25-300x188.jpeg 300w, https:\/\/deportesanluis.com.ar\/wp-content\/uploads\/2025\/12\/Ramiro-Kauffmann-MinaClavero-1-RA25-768x480.jpeg 768w, https:\/\/deportesanluis.com.ar\/wp-content\/uploads\/2025\/12\/Ramiro-Kauffmann-MinaClavero-1-RA25-672x420.jpeg 672w, https:\/\/deportesanluis.com.ar\/wp-content\/uploads\/2025\/12\/Ramiro-Kauffmann-MinaClavero-1-RA25-150x94.jpeg 150w, https:\/\/deportesanluis.com.ar\/wp-content\/uploads\/2025\/12\/Ramiro-Kauffmann-MinaClavero-1-RA25-696x435.jpeg 696w\" sizes=\"auto, (max-width: 800px) 100vw, 800px\" \/><\/a><figcaption id=\"caption-attachment-29819\" class=\"wp-caption-text\">Ramiro Kaufmann<\/figcaption><\/figure>\n<p>En la Clase RCMR estar\u00e1 el tilisaraense Ramiro Kaufmann en un Citr\u00f6en DS3 con Juan Pablo Del Riego en la butaca derecha. Tambi\u00e9n estar\u00e1 Gast\u00f3n Gonz\u00e1lez, riocuartense radicado hace ya varios a\u00f1os en Buena Esperanza, con un VW Polo con la navegaci\u00f3n de Rub\u00e9n Garc\u00eda.<\/p>\n<figure id=\"attachment_29817\" aria-describedby=\"caption-attachment-29817\" style=\"width: 800px\" class=\"wp-caption aligncenter\"><a href=\"https:\/\/deportesanluis.com.ar\/wp-content\/uploads\/2025\/12\/Mario-Rasso-MinaClavero-1-RA25.jpeg\"><img loading=\"lazy\" decoding=\"async\" class=\"size-full wp-image-29817\" src=\"https:\/\/deportesanluis.com.ar\/wp-content\/uploads\/2025\/12\/Mario-Rasso-MinaClavero-1-RA25.jpeg\" alt=\"\" width=\"800\" height=\"500\" srcset=\"https:\/\/deportesanluis.com.ar\/wp-content\/uploads\/2025\/12\/Mario-Rasso-MinaClavero-1-RA25.jpeg 800w, https:\/\/deportesanluis.com.ar\/wp-content\/uploads\/2025\/12\/Mario-Rasso-MinaClavero-1-RA25-300x188.jpeg 300w, https:\/\/deportesanluis.com.ar\/wp-content\/uploads\/2025\/12\/Mario-Rasso-MinaClavero-1-RA25-768x480.jpeg 768w, https:\/\/deportesanluis.com.ar\/wp-content\/uploads\/2025\/12\/Mario-Rasso-MinaClavero-1-RA25-672x420.jpeg 672w, https:\/\/deportesanluis.com.ar\/wp-content\/uploads\/2025\/12\/Mario-Rasso-MinaClavero-1-RA25-150x94.jpeg 150w, https:\/\/deportesanluis.com.ar\/wp-content\/uploads\/2025\/12\/Mario-Rasso-MinaClavero-1-RA25-696x435.jpeg 696w\" sizes=\"auto, (max-width: 800px) 100vw, 800px\" \/><\/a><figcaption id=\"caption-attachment-29817\" class=\"wp-caption-text\">Mario Rasso<\/figcaption><\/figure>\n<p>La Clase RC3 tendr\u00e1 como serio candidato, al tomense Mario Rasso y al puntano Rodolfo Guevara con el Peugeot 208 que consigui\u00f3 el subcampeonato 2025. A ellos se suma en la divisional el mercedino Gonzalo D\u00edaz, navegante de Ignacio Villa con una unidad similar.<\/p>\n<p>Finalmente, en la Clase RC5 est\u00e1 confirmada la presencia del tilisaraense Juan Manuel Varas con un Ford Fiesta. Diego De Haro, oriundo de Villa Mercedes, ser\u00e1 su acompa\u00f1ante.<\/p>\n<p>Con respecto al inicio de la temporada 2026 del Rally Argentino, se pueden destacar que solo dos binomios animar\u00e1n la Clase RC4, donde se destaca el navegante Luis Gatica, oriundo de Concar\u00e1n; y que seis mujeres ser\u00e1n parte de la carrera, marcando un notable crecimiento de la presencia femenina.<\/p>\n<p>En la RC2 estar\u00e1 Melisa Prevedello (Skoda Fabia); la navegante Delfina Centorame (Hyundai i20 de Sergio Centorame); en la Clase RCMR contin\u00faa Nadia Cutro (Toyota Yaris) y se suma la navegante Sof\u00eda Sabbatini (Renault Clio de Miguel Patat). Finalmente, en la RC5 estar\u00e1n presentes el binomio Sabrina y Natalia Scicolone (Ford Fiesta).<\/p>\n<p>El Rally Pagos del Tuy\u00fa comenzar\u00e1 el viernes 27 con el shakedown en El Cocal (3,37kms.) y con la largada simb\u00f3lica en la Plaza\u00a0General Madariaga.<\/p>\n<p>El s\u00e1bado 28 ser\u00e1 el momento de la aceleraci\u00f3n plena con dos pasadas por los tramos<br \/>\nEl Cocal-El Rebelde (11,30kms.), La Larga-Las Tres Mar\u00edas (11,05kms.) y Tres Caminos-Los Horcones (14,45kms.).<\/p>\n<p>El primer d\u00eda de marzo todo concluir\u00e1 con dos pasos por los especiales 6 de Octubre-Tres Caminos (18,10kms.), Zorzales (5,90kms.) y dos nuevos por La Larga-Las Tres Mar\u00edas (11,05kms.).<\/p>\n<hr \/>\n<p><strong>Nota:<\/strong> Redacci\u00f3n<\/p>\n","protected":false},"excerpt":{"rendered":"<p>Se confirmaron los binomios que desde este fin de semana animar\u00e1n el Rally Pagos del Tuy\u00fa, primera fecha del Rally Argentino 2026.<\/p>\n","protected":false},"author":1,"featured_media":30910,"comment_status":"closed","ping_status":"closed","sticky":false,"template":"","format":"standard","meta":{"footnotes":""},"categories":[51,154],"tags":[159],"class_list":{"0":"post-30909","1":"post","2":"type-post","3":"status-publish","4":"format-standard","5":"has-post-thumbnail","7":"category-motores","8":"category-ra","9":"tag-rally-argentino"},"yoast_head":"<!-- This site is optimized with the Yoast SEO plugin v27.4 - https:\/\/yoast.com\/product\/yoast-seo-wordpress\/ -->\n<title>Puntanos comienzan a acelerar en Madariaga - DSL<\/title>\n<meta name=\"description\" content=\"Se confirmaron los binomios que desde este fin de semana animar\u00e1n el Rally Pagos del Tuy\u00fa, primera fecha del Rally Argentino 2026.\" \/>\n<meta name=\"robots\" content=\"index, follow, max-snippet:-1, max-image-preview:large, max-video-preview:-1\" \/>\n<link rel=\"canonical\" href=\"https:\/\/deportesanluis.com.ar\/seis-puntanos-comienzan-a-acelerar-en-madariaga\/\" \/>\n<meta property=\"og:locale\" content=\"es_ES\" \/>\n<meta property=\"og:type\" content=\"article\" \/>\n<meta property=\"og:title\" content=\"Puntanos comienzan a acelerar en Madariaga - DSL\" \/>\n<meta property=\"og:description\" content=\"Se confirmaron los binomios que desde este fin de semana animar\u00e1n el Rally Pagos del Tuy\u00fa, primera fecha del Rally Argentino 2026.\" \/>\n<meta property=\"og:url\" content=\"https:\/\/deportesanluis.com.ar\/seis-puntanos-comienzan-a-acelerar-en-madariaga\/\" \/>\n<meta property=\"og:site_name\" content=\"DSL\" \/>\n<meta property=\"article:publisher\" content=\"https:\/\/www.facebook.com\/DSLDeporteSanLuis\" \/>\n<meta property=\"article:published_time\" content=\"2026-02-25T14:46:43+00:00\" \/>\n<meta property=\"article:modified_time\" content=\"2026-03-01T13:02:37+00:00\" \/>\n<meta property=\"og:image\" content=\"https:\/\/deportesanluis.com.ar\/wp-content\/uploads\/2026\/02\/RallyArgentino-Puntanos-Portada.jpg\" \/>\n\t<meta property=\"og:image:width\" content=\"1601\" \/>\n\t<meta property=\"og:image:height\" content=\"1001\" \/>\n\t<meta property=\"og:image:type\" content=\"image\/jpeg\" \/>\n<meta name=\"author\" content=\"admin\" \/>\n<meta name=\"twitter:card\" content=\"summary_large_image\" \/>\n<meta name=\"twitter:creator\" content=\"@deportesanluis\" \/>\n<meta name=\"twitter:site\" content=\"@deportesanluis\" \/>\n<meta name=\"twitter:label1\" content=\"Escrito por\" \/>\n\t<meta name=\"twitter:data1\" content=\"admin\" \/>\n\t<meta name=\"twitter:label2\" content=\"Tiempo de lectura\" \/>\n\t<meta name=\"twitter:data2\" content=\"3 minutos\" \/>\n<script type=\"application\/ld+json\" class=\"yoast-schema-graph\">{\"@context\":\"https:\\\/\\\/schema.org\",\"@graph\":[{\"@type\":\"Article\",\"@id\":\"https:\\\/\\\/deportesanluis.com.ar\\\/seis-puntanos-comienzan-a-acelerar-en-madariaga\\\/#article\",\"isPartOf\":{\"@id\":\"https:\\\/\\\/deportesanluis.com.ar\\\/seis-puntanos-comienzan-a-acelerar-en-madariaga\\\/\"},\"author\":{\"name\":\"admin\",\"@id\":\"https:\\\/\\\/deportesanluis.com.ar\\\/#\\\/schema\\\/person\\\/4b3e665481e93d271fced43ee48143c8\"},\"headline\":\"Puntanos comienzan a acelerar en Madariaga\",\"datePublished\":\"2026-02-25T14:46:43+00:00\",\"dateModified\":\"2026-03-01T13:02:37+00:00\",\"mainEntityOfPage\":{\"@id\":\"https:\\\/\\\/deportesanluis.com.ar\\\/seis-puntanos-comienzan-a-acelerar-en-madariaga\\\/\"},\"wordCount\":442,\"publisher\":{\"@id\":\"https:\\\/\\\/deportesanluis.com.ar\\\/#organization\"},\"image\":{\"@id\":\"https:\\\/\\\/deportesanluis.com.ar\\\/seis-puntanos-comienzan-a-acelerar-en-madariaga\\\/#primaryimage\"},\"thumbnailUrl\":\"https:\\\/\\\/deportesanluis.com.ar\\\/wp-content\\\/uploads\\\/2026\\\/02\\\/RallyArgentino-Puntanos-Portada.jpg\",\"keywords\":[\"Rally Argentino\"],\"articleSection\":[\"Motores\",\"RA\"],\"inLanguage\":\"es-AR\"},{\"@type\":\"WebPage\",\"@id\":\"https:\\\/\\\/deportesanluis.com.ar\\\/seis-puntanos-comienzan-a-acelerar-en-madariaga\\\/\",\"url\":\"https:\\\/\\\/deportesanluis.com.ar\\\/seis-puntanos-comienzan-a-acelerar-en-madariaga\\\/\",\"name\":\"Puntanos comienzan a acelerar en Madariaga - DSL\",\"isPartOf\":{\"@id\":\"https:\\\/\\\/deportesanluis.com.ar\\\/#website\"},\"primaryImageOfPage\":{\"@id\":\"https:\\\/\\\/deportesanluis.com.ar\\\/seis-puntanos-comienzan-a-acelerar-en-madariaga\\\/#primaryimage\"},\"image\":{\"@id\":\"https:\\\/\\\/deportesanluis.com.ar\\\/seis-puntanos-comienzan-a-acelerar-en-madariaga\\\/#primaryimage\"},\"thumbnailUrl\":\"https:\\\/\\\/deportesanluis.com.ar\\\/wp-content\\\/uploads\\\/2026\\\/02\\\/RallyArgentino-Puntanos-Portada.jpg\",\"datePublished\":\"2026-02-25T14:46:43+00:00\",\"dateModified\":\"2026-03-01T13:02:37+00:00\",\"description\":\"Se confirmaron los binomios que desde este fin de semana animar\u00e1n el Rally Pagos del Tuy\u00fa, primera fecha del Rally Argentino 2026.\",\"breadcrumb\":{\"@id\":\"https:\\\/\\\/deportesanluis.com.ar\\\/seis-puntanos-comienzan-a-acelerar-en-madariaga\\\/#breadcrumb\"},\"inLanguage\":\"es-AR\",\"potentialAction\":[{\"@type\":\"ReadAction\",\"target\":[\"https:\\\/\\\/deportesanluis.com.ar\\\/seis-puntanos-comienzan-a-acelerar-en-madariaga\\\/\"]}]},{\"@type\":\"ImageObject\",\"inLanguage\":\"es-AR\",\"@id\":\"https:\\\/\\\/deportesanluis.com.ar\\\/seis-puntanos-comienzan-a-acelerar-en-madariaga\\\/#primaryimage\",\"url\":\"https:\\\/\\\/deportesanluis.com.ar\\\/wp-content\\\/uploads\\\/2026\\\/02\\\/RallyArgentino-Puntanos-Portada.jpg\",\"contentUrl\":\"https:\\\/\\\/deportesanluis.com.ar\\\/wp-content\\\/uploads\\\/2026\\\/02\\\/RallyArgentino-Puntanos-Portada.jpg\",\"width\":1601,\"height\":1001},{\"@type\":\"BreadcrumbList\",\"@id\":\"https:\\\/\\\/deportesanluis.com.ar\\\/seis-puntanos-comienzan-a-acelerar-en-madariaga\\\/#breadcrumb\",\"itemListElement\":[{\"@type\":\"ListItem\",\"position\":1,\"name\":\"Home\",\"item\":\"https:\\\/\\\/deportesanluis.com.ar\\\/\"},{\"@type\":\"ListItem\",\"position\":2,\"name\":\"Puntanos comienzan a acelerar en Madariaga\"}]},{\"@type\":\"WebSite\",\"@id\":\"https:\\\/\\\/deportesanluis.com.ar\\\/#website\",\"url\":\"https:\\\/\\\/deportesanluis.com.ar\\\/\",\"name\":\"deportesanluis.com.ar\",\"description\":\"Noticias de Deporte de San Luis\",\"publisher\":{\"@id\":\"https:\\\/\\\/deportesanluis.com.ar\\\/#organization\"},\"alternateName\":\"Deporte SL\",\"potentialAction\":[{\"@type\":\"SearchAction\",\"target\":{\"@type\":\"EntryPoint\",\"urlTemplate\":\"https:\\\/\\\/deportesanluis.com.ar\\\/?s={search_term_string}\"},\"query-input\":{\"@type\":\"PropertyValueSpecification\",\"valueRequired\":true,\"valueName\":\"search_term_string\"}}],\"inLanguage\":\"es-AR\"},{\"@type\":\"Organization\",\"@id\":\"https:\\\/\\\/deportesanluis.com.ar\\\/#organization\",\"name\":\"DSL\",\"alternateName\":\"Deporte SL\",\"url\":\"https:\\\/\\\/deportesanluis.com.ar\\\/\",\"logo\":{\"@type\":\"ImageObject\",\"inLanguage\":\"es-AR\",\"@id\":\"https:\\\/\\\/deportesanluis.com.ar\\\/#\\\/schema\\\/logo\\\/image\\\/\",\"url\":\"https:\\\/\\\/deportesanluis.com.ar\\\/wp-content\\\/uploads\\\/2023\\\/06\\\/DSL-Logo-2023-5.jpg\",\"contentUrl\":\"https:\\\/\\\/deportesanluis.com.ar\\\/wp-content\\\/uploads\\\/2023\\\/06\\\/DSL-Logo-2023-5.jpg\",\"width\":1718,\"height\":845,\"caption\":\"DSL\"},\"image\":{\"@id\":\"https:\\\/\\\/deportesanluis.com.ar\\\/#\\\/schema\\\/logo\\\/image\\\/\"},\"sameAs\":[\"https:\\\/\\\/www.facebook.com\\\/DSLDeporteSanLuis\",\"https:\\\/\\\/x.com\\\/deportesanluis\",\"https:\\\/\\\/www.instagram.com\\\/dsl_deportesanluis\\\/\"]},{\"@type\":\"Person\",\"@id\":\"https:\\\/\\\/deportesanluis.com.ar\\\/#\\\/schema\\\/person\\\/4b3e665481e93d271fced43ee48143c8\",\"name\":\"admin\",\"image\":{\"@type\":\"ImageObject\",\"inLanguage\":\"es-AR\",\"@id\":\"https:\\\/\\\/secure.gravatar.com\\\/avatar\\\/5424b2c21466f502587708c43dbe2dc47b5e643fec67835095677cd3af6ba546?s=96&d=mm&r=g\",\"url\":\"https:\\\/\\\/secure.gravatar.com\\\/avatar\\\/5424b2c21466f502587708c43dbe2dc47b5e643fec67835095677cd3af6ba546?s=96&d=mm&r=g\",\"contentUrl\":\"https:\\\/\\\/secure.gravatar.com\\\/avatar\\\/5424b2c21466f502587708c43dbe2dc47b5e643fec67835095677cd3af6ba546?s=96&d=mm&r=g\",\"caption\":\"admin\"},\"sameAs\":[\"https:\\\/\\\/deportesanluis.com.ar\"],\"url\":\"https:\\\/\\\/deportesanluis.com.ar\\\/author\\\/admin\\\/\"}]}<\/script>\n<!-- \/ Yoast SEO plugin. -->","yoast_head_json":{"title":"Puntanos comienzan a acelerar en Madariaga - DSL","description":"Se confirmaron los binomios que desde este fin de semana animar\u00e1n el Rally Pagos del Tuy\u00fa, primera fecha del Rally Argentino 2026.","robots":{"index":"index","follow":"follow","max-snippet":"max-snippet:-1","max-image-preview":"max-image-preview:large","max-video-preview":"max-video-preview:-1"},"canonical":"https:\/\/deportesanluis.com.ar\/seis-puntanos-comienzan-a-acelerar-en-madariaga\/","og_locale":"es_ES","og_type":"article","og_title":"Puntanos comienzan a acelerar en Madariaga - DSL","og_description":"Se confirmaron los binomios que desde este fin de semana animar\u00e1n el Rally Pagos del Tuy\u00fa, primera fecha del Rally Argentino 2026.","og_url":"https:\/\/deportesanluis.com.ar\/seis-puntanos-comienzan-a-acelerar-en-madariaga\/","og_site_name":"DSL","article_publisher":"https:\/\/www.facebook.com\/DSLDeporteSanLuis","article_published_time":"2026-02-25T14:46:43+00:00","article_modified_time":"2026-03-01T13:02:37+00:00","og_image":[{"width":1601,"height":1001,"url":"https:\/\/deportesanluis.com.ar\/wp-content\/uploads\/2026\/02\/RallyArgentino-Puntanos-Portada.jpg","type":"image\/jpeg"}],"author":"admin","twitter_card":"summary_large_image","twitter_creator":"@deportesanluis","twitter_site":"@deportesanluis","twitter_misc":{"Escrito por":"admin","Tiempo de lectura":"3 minutos"},"schema":{"@context":"https:\/\/schema.org","@graph":[{"@type":"Article","@id":"https:\/\/deportesanluis.com.ar\/seis-puntanos-comienzan-a-acelerar-en-madariaga\/#article","isPartOf":{"@id":"https:\/\/deportesanluis.com.ar\/seis-puntanos-comienzan-a-acelerar-en-madariaga\/"},"author":{"name":"admin","@id":"https:\/\/deportesanluis.com.ar\/#\/schema\/person\/4b3e665481e93d271fced43ee48143c8"},"headline":"Puntanos comienzan a acelerar en Madariaga","datePublished":"2026-02-25T14:46:43+00:00","dateModified":"2026-03-01T13:02:37+00:00","mainEntityOfPage":{"@id":"https:\/\/deportesanluis.com.ar\/seis-puntanos-comienzan-a-acelerar-en-madariaga\/"},"wordCount":442,"publisher":{"@id":"https:\/\/deportesanluis.com.ar\/#organization"},"image":{"@id":"https:\/\/deportesanluis.com.ar\/seis-puntanos-comienzan-a-acelerar-en-madariaga\/#primaryimage"},"thumbnailUrl":"https:\/\/deportesanluis.com.ar\/wp-content\/uploads\/2026\/02\/RallyArgentino-Puntanos-Portada.jpg","keywords":["Rally Argentino"],"articleSection":["Motores","RA"],"inLanguage":"es-AR"},{"@type":"WebPage","@id":"https:\/\/deportesanluis.com.ar\/seis-puntanos-comienzan-a-acelerar-en-madariaga\/","url":"https:\/\/deportesanluis.com.ar\/seis-puntanos-comienzan-a-acelerar-en-madariaga\/","name":"Puntanos comienzan a acelerar en Madariaga - DSL","isPartOf":{"@id":"https:\/\/deportesanluis.com.ar\/#website"},"primaryImageOfPage":{"@id":"https:\/\/deportesanluis.com.ar\/seis-puntanos-comienzan-a-acelerar-en-madariaga\/#primaryimage"},"image":{"@id":"https:\/\/deportesanluis.com.ar\/seis-puntanos-comienzan-a-acelerar-en-madariaga\/#primaryimage"},"thumbnailUrl":"https:\/\/deportesanluis.com.ar\/wp-content\/uploads\/2026\/02\/RallyArgentino-Puntanos-Portada.jpg","datePublished":"2026-02-25T14:46:43+00:00","dateModified":"2026-03-01T13:02:37+00:00","description":"Se confirmaron los binomios que desde este fin de semana animar\u00e1n el Rally Pagos del Tuy\u00fa, primera fecha del Rally Argentino 2026.","breadcrumb":{"@id":"https:\/\/deportesanluis.com.ar\/seis-puntanos-comienzan-a-acelerar-en-madariaga\/#breadcrumb"},"inLanguage":"es-AR","potentialAction":[{"@type":"ReadAction","target":["https:\/\/deportesanluis.com.ar\/seis-puntanos-comienzan-a-acelerar-en-madariaga\/"]}]},{"@type":"ImageObject","inLanguage":"es-AR","@id":"https:\/\/deportesanluis.com.ar\/seis-puntanos-comienzan-a-acelerar-en-madariaga\/#primaryimage","url":"https:\/\/deportesanluis.com.ar\/wp-content\/uploads\/2026\/02\/RallyArgentino-Puntanos-Portada.jpg","contentUrl":"https:\/\/deportesanluis.com.ar\/wp-content\/uploads\/2026\/02\/RallyArgentino-Puntanos-Portada.jpg","width":1601,"height":1001},{"@type":"BreadcrumbList","@id":"https:\/\/deportesanluis.com.ar\/seis-puntanos-comienzan-a-acelerar-en-madariaga\/#breadcrumb","itemListElement":[{"@type":"ListItem","position":1,"name":"Home","item":"https:\/\/deportesanluis.com.ar\/"},{"@type":"ListItem","position":2,"name":"Puntanos comienzan a acelerar en Madariaga"}]},{"@type":"WebSite","@id":"https:\/\/deportesanluis.com.ar\/#website","url":"https:\/\/deportesanluis.com.ar\/","name":"deportesanluis.com.ar","description":"Noticias de Deporte de San Luis","publisher":{"@id":"https:\/\/deportesanluis.com.ar\/#organization"},"alternateName":"Deporte SL","potentialAction":[{"@type":"SearchAction","target":{"@type":"EntryPoint","urlTemplate":"https:\/\/deportesanluis.com.ar\/?s={search_term_string}"},"query-input":{"@type":"PropertyValueSpecification","valueRequired":true,"valueName":"search_term_string"}}],"inLanguage":"es-AR"},{"@type":"Organization","@id":"https:\/\/deportesanluis.com.ar\/#organization","name":"DSL","alternateName":"Deporte SL","url":"https:\/\/deportesanluis.com.ar\/","logo":{"@type":"ImageObject","inLanguage":"es-AR","@id":"https:\/\/deportesanluis.com.ar\/#\/schema\/logo\/image\/","url":"https:\/\/deportesanluis.com.ar\/wp-content\/uploads\/2023\/06\/DSL-Logo-2023-5.jpg","contentUrl":"https:\/\/deportesanluis.com.ar\/wp-content\/uploads\/2023\/06\/DSL-Logo-2023-5.jpg","width":1718,"height":845,"caption":"DSL"},"image":{"@id":"https:\/\/deportesanluis.com.ar\/#\/schema\/logo\/image\/"},"sameAs":["https:\/\/www.facebook.com\/DSLDeporteSanLuis","https:\/\/x.com\/deportesanluis","https:\/\/www.instagram.com\/dsl_deportesanluis\/"]},{"@type":"Person","@id":"https:\/\/deportesanluis.com.ar\/#\/schema\/person\/4b3e665481e93d271fced43ee48143c8","name":"admin","image":{"@type":"ImageObject","inLanguage":"es-AR","@id":"https:\/\/secure.gravatar.com\/avatar\/5424b2c21466f502587708c43dbe2dc47b5e643fec67835095677cd3af6ba546?s=96&d=mm&r=g","url":"https:\/\/secure.gravatar.com\/avatar\/5424b2c21466f502587708c43dbe2dc47b5e643fec67835095677cd3af6ba546?s=96&d=mm&r=g","contentUrl":"https:\/\/secure.gravatar.com\/avatar\/5424b2c21466f502587708c43dbe2dc47b5e643fec67835095677cd3af6ba546?s=96&d=mm&r=g","caption":"admin"},"sameAs":["https:\/\/deportesanluis.com.ar"],"url":"https:\/\/deportesanluis.com.ar\/author\/admin\/"}]}},"_links":{"self":[{"href":"https:\/\/deportesanluis.com.ar\/wp-json\/wp\/v2\/posts\/30909","targetHints":{"allow":["GET"]}}],"collection":[{"href":"https:\/\/deportesanluis.com.ar\/wp-json\/wp\/v2\/posts"}],"about":[{"href":"https:\/\/deportesanluis.com.ar\/wp-json\/wp\/v2\/types\/post"}],"author":[{"embeddable":true,"href":"https:\/\/deportesanluis.com.ar\/wp-json\/wp\/v2\/users\/1"}],"replies":[{"embeddable":true,"href":"https:\/\/deportesanluis.com.ar\/wp-json\/wp\/v2\/comments?post=30909"}],"version-history":[{"count":5,"href":"https:\/\/deportesanluis.com.ar\/wp-json\/wp\/v2\/posts\/30909\/revisions"}],"predecessor-version":[{"id":30917,"href":"https:\/\/deportesanluis.com.ar\/wp-json\/wp\/v2\/posts\/30909\/revisions\/30917"}],"wp:featuredmedia":[{"embeddable":true,"href":"https:\/\/deportesanluis.com.ar\/wp-json\/wp\/v2\/media\/30910"}],"wp:attachment":[{"href":"https:\/\/deportesanluis.com.ar\/wp-json\/wp\/v2\/media?parent=30909"}],"wp:term":[{"taxonomy":"category","embeddable":true,"href":"https:\/\/deportesanluis.com.ar\/wp-json\/wp\/v2\/categories?post=30909"},{"taxonomy":"post_tag","embeddable":true,"href":"https:\/\/deportesanluis.com.ar\/wp-json\/wp\/v2\/tags?post=30909"}],"curies":[{"name":"wp","href":"https:\/\/api.w.org\/{rel}","templated":true}]}}