{"id":30931,"date":"2026-02-27T11:06:56","date_gmt":"2026-02-27T14:06:56","guid":{"rendered":"https:\/\/deportesanluis.com.ar\/?p=30931"},"modified":"2026-03-01T12:30:39","modified_gmt":"2026-03-01T15:30:39","slug":"juventud-se-probo-con-atenas","status":"publish","type":"post","link":"https:\/\/deportesanluis.com.ar\/juventud-se-probo-con-atenas\/","title":{"rendered":"Juventud se prob\u00f3 con Atenas"},"content":{"rendered":"<p>De cara a una nueva participaci\u00f3n en el Torneo Federal A, Juventud viaj\u00f3 hasta Villa Mercedes para jugar una serie de amistosos con Atenas de R\u00edo Cuarto.<\/p>\n<p>Fue en el Estadio \u00danico La Pedrera con Juventud saliendo a cancha en el primer encuentro con Lucero; Garro, Ojeda, Alvacete y Figueroa; L\u00f3pez, Moya, Gonz\u00e1lez y Rold\u00e1n; Amieva y Dorato. Fue triunfo de los cordobeses por 3-0.<\/p>\n<p>En el segundo partido, donde el &#8220;Auriazul&#8221; gan\u00f3 por 1-0, apareci\u00f3 en cancha el central Juan Rosales, \u00faltima incorporaci\u00f3n que viene de Estudiantes.<\/p>\n<hr \/>\n<p><strong>Nota:<\/strong> Redacci\u00f3n\u00a0 \u00a0<strong>Fotos:<\/strong> Prensa CAJUU y Prensa Parque La Pedrera<\/p>\n","protected":false},"excerpt":{"rendered":"<p>Fue el pasado mi\u00e9rcoles en el Estadio \u00danico La Pedrera de Villa Mercedes con dos partidos amistosos. Ambos equipos ser\u00e1n rivales en el Federal A.\u00a0<\/p>\n","protected":false},"author":1,"featured_media":30935,"comment_status":"closed","ping_status":"closed","sticky":false,"template":"","format":"standard","meta":{"footnotes":""},"categories":[58,85,46],"tags":[86,48,87],"class_list":{"0":"post-30931","1":"post","2":"type-post","3":"status-publish","4":"format-standard","5":"has-post-thumbnail","7":"category-58","8":"category-federal-a","9":"category-futbol","10":"tag-federal-a","11":"tag-futbol","12":"tag-juventud"},"yoast_head":"<!-- This site is optimized with the Yoast SEO plugin v27.4 - https:\/\/yoast.com\/product\/yoast-seo-wordpress\/ -->\n<title>Juventud se prob\u00f3 con Atenas - DSL<\/title>\n<meta name=\"description\" content=\"Fue el pasado mi\u00e9rcoles en el Estadio \u00danico La Pedrera de Villa Mercedes con dos partidos amistosos. Ambos equipos ser\u00e1n rivales en el Federal A.\u00a0\" \/>\n<meta name=\"robots\" content=\"index, follow, max-snippet:-1, max-image-preview:large, max-video-preview:-1\" \/>\n<link rel=\"canonical\" href=\"https:\/\/deportesanluis.com.ar\/juventud-se-probo-con-atenas\/\" \/>\n<meta property=\"og:locale\" content=\"es_ES\" \/>\n<meta property=\"og:type\" content=\"article\" \/>\n<meta property=\"og:title\" content=\"Juventud se prob\u00f3 con Atenas - DSL\" \/>\n<meta property=\"og:description\" content=\"Fue el pasado mi\u00e9rcoles en el Estadio \u00danico La Pedrera de Villa Mercedes con dos partidos amistosos. Ambos equipos ser\u00e1n rivales en el Federal A.\u00a0\" \/>\n<meta property=\"og:url\" content=\"https:\/\/deportesanluis.com.ar\/juventud-se-probo-con-atenas\/\" \/>\n<meta property=\"og:site_name\" content=\"DSL\" \/>\n<meta property=\"article:publisher\" content=\"https:\/\/www.facebook.com\/DSLDeporteSanLuis\" \/>\n<meta property=\"article:published_time\" content=\"2026-02-27T14:06:56+00:00\" \/>\n<meta property=\"article:modified_time\" content=\"2026-03-01T15:30:39+00:00\" \/>\n<meta property=\"og:image\" content=\"https:\/\/deportesanluis.com.ar\/wp-content\/uploads\/2026\/02\/Juventud-amistoso-Atenas-4.jpg\" \/>\n\t<meta property=\"og:image:width\" content=\"1601\" \/>\n\t<meta property=\"og:image:height\" content=\"1001\" \/>\n\t<meta property=\"og:image:type\" content=\"image\/jpeg\" \/>\n<meta name=\"author\" content=\"admin\" \/>\n<meta name=\"twitter:card\" content=\"summary_large_image\" \/>\n<meta name=\"twitter:creator\" content=\"@deportesanluis\" \/>\n<meta name=\"twitter:site\" content=\"@deportesanluis\" \/>\n<meta name=\"twitter:label1\" content=\"Escrito por\" \/>\n\t<meta name=\"twitter:data1\" content=\"admin\" \/>\n\t<meta name=\"twitter:label2\" content=\"Tiempo de lectura\" \/>\n\t<meta name=\"twitter:data2\" content=\"1 minuto\" \/>\n<script type=\"application\/ld+json\" class=\"yoast-schema-graph\">{\"@context\":\"https:\\\/\\\/schema.org\",\"@graph\":[{\"@type\":\"Article\",\"@id\":\"https:\\\/\\\/deportesanluis.com.ar\\\/juventud-se-probo-con-atenas\\\/#article\",\"isPartOf\":{\"@id\":\"https:\\\/\\\/deportesanluis.com.ar\\\/juventud-se-probo-con-atenas\\\/\"},\"author\":{\"name\":\"admin\",\"@id\":\"https:\\\/\\\/deportesanluis.com.ar\\\/#\\\/schema\\\/person\\\/4b3e665481e93d271fced43ee48143c8\"},\"headline\":\"Juventud se prob\u00f3 con Atenas\",\"datePublished\":\"2026-02-27T14:06:56+00:00\",\"dateModified\":\"2026-03-01T15:30:39+00:00\",\"mainEntityOfPage\":{\"@id\":\"https:\\\/\\\/deportesanluis.com.ar\\\/juventud-se-probo-con-atenas\\\/\"},\"wordCount\":110,\"publisher\":{\"@id\":\"https:\\\/\\\/deportesanluis.com.ar\\\/#organization\"},\"image\":{\"@id\":\"https:\\\/\\\/deportesanluis.com.ar\\\/juventud-se-probo-con-atenas\\\/#primaryimage\"},\"thumbnailUrl\":\"https:\\\/\\\/deportesanluis.com.ar\\\/wp-content\\\/uploads\\\/2026\\\/02\\\/Juventud-amistoso-Atenas-4.jpg\",\"keywords\":[\"Federal A\",\"F\u00fatbol\",\"Juventud\"],\"articleSection\":[\"4\",\"FA\",\"F\u00fatbol\"],\"inLanguage\":\"es-AR\"},{\"@type\":\"WebPage\",\"@id\":\"https:\\\/\\\/deportesanluis.com.ar\\\/juventud-se-probo-con-atenas\\\/\",\"url\":\"https:\\\/\\\/deportesanluis.com.ar\\\/juventud-se-probo-con-atenas\\\/\",\"name\":\"Juventud se prob\u00f3 con Atenas - DSL\",\"isPartOf\":{\"@id\":\"https:\\\/\\\/deportesanluis.com.ar\\\/#website\"},\"primaryImageOfPage\":{\"@id\":\"https:\\\/\\\/deportesanluis.com.ar\\\/juventud-se-probo-con-atenas\\\/#primaryimage\"},\"image\":{\"@id\":\"https:\\\/\\\/deportesanluis.com.ar\\\/juventud-se-probo-con-atenas\\\/#primaryimage\"},\"thumbnailUrl\":\"https:\\\/\\\/deportesanluis.com.ar\\\/wp-content\\\/uploads\\\/2026\\\/02\\\/Juventud-amistoso-Atenas-4.jpg\",\"datePublished\":\"2026-02-27T14:06:56+00:00\",\"dateModified\":\"2026-03-01T15:30:39+00:00\",\"description\":\"Fue el pasado mi\u00e9rcoles en el Estadio \u00danico La Pedrera de Villa Mercedes con dos partidos amistosos. Ambos equipos ser\u00e1n rivales en el Federal A.\u00a0\",\"breadcrumb\":{\"@id\":\"https:\\\/\\\/deportesanluis.com.ar\\\/juventud-se-probo-con-atenas\\\/#breadcrumb\"},\"inLanguage\":\"es-AR\",\"potentialAction\":[{\"@type\":\"ReadAction\",\"target\":[\"https:\\\/\\\/deportesanluis.com.ar\\\/juventud-se-probo-con-atenas\\\/\"]}]},{\"@type\":\"ImageObject\",\"inLanguage\":\"es-AR\",\"@id\":\"https:\\\/\\\/deportesanluis.com.ar\\\/juventud-se-probo-con-atenas\\\/#primaryimage\",\"url\":\"https:\\\/\\\/deportesanluis.com.ar\\\/wp-content\\\/uploads\\\/2026\\\/02\\\/Juventud-amistoso-Atenas-4.jpg\",\"contentUrl\":\"https:\\\/\\\/deportesanluis.com.ar\\\/wp-content\\\/uploads\\\/2026\\\/02\\\/Juventud-amistoso-Atenas-4.jpg\",\"width\":1601,\"height\":1001},{\"@type\":\"BreadcrumbList\",\"@id\":\"https:\\\/\\\/deportesanluis.com.ar\\\/juventud-se-probo-con-atenas\\\/#breadcrumb\",\"itemListElement\":[{\"@type\":\"ListItem\",\"position\":1,\"name\":\"Home\",\"item\":\"https:\\\/\\\/deportesanluis.com.ar\\\/\"},{\"@type\":\"ListItem\",\"position\":2,\"name\":\"Juventud se prob\u00f3 con Atenas\"}]},{\"@type\":\"WebSite\",\"@id\":\"https:\\\/\\\/deportesanluis.com.ar\\\/#website\",\"url\":\"https:\\\/\\\/deportesanluis.com.ar\\\/\",\"name\":\"deportesanluis.com.ar\",\"description\":\"Noticias de Deporte de San Luis\",\"publisher\":{\"@id\":\"https:\\\/\\\/deportesanluis.com.ar\\\/#organization\"},\"alternateName\":\"Deporte SL\",\"potentialAction\":[{\"@type\":\"SearchAction\",\"target\":{\"@type\":\"EntryPoint\",\"urlTemplate\":\"https:\\\/\\\/deportesanluis.com.ar\\\/?s={search_term_string}\"},\"query-input\":{\"@type\":\"PropertyValueSpecification\",\"valueRequired\":true,\"valueName\":\"search_term_string\"}}],\"inLanguage\":\"es-AR\"},{\"@type\":\"Organization\",\"@id\":\"https:\\\/\\\/deportesanluis.com.ar\\\/#organization\",\"name\":\"DSL\",\"alternateName\":\"Deporte SL\",\"url\":\"https:\\\/\\\/deportesanluis.com.ar\\\/\",\"logo\":{\"@type\":\"ImageObject\",\"inLanguage\":\"es-AR\",\"@id\":\"https:\\\/\\\/deportesanluis.com.ar\\\/#\\\/schema\\\/logo\\\/image\\\/\",\"url\":\"https:\\\/\\\/deportesanluis.com.ar\\\/wp-content\\\/uploads\\\/2023\\\/06\\\/DSL-Logo-2023-5.jpg\",\"contentUrl\":\"https:\\\/\\\/deportesanluis.com.ar\\\/wp-content\\\/uploads\\\/2023\\\/06\\\/DSL-Logo-2023-5.jpg\",\"width\":1718,\"height\":845,\"caption\":\"DSL\"},\"image\":{\"@id\":\"https:\\\/\\\/deportesanluis.com.ar\\\/#\\\/schema\\\/logo\\\/image\\\/\"},\"sameAs\":[\"https:\\\/\\\/www.facebook.com\\\/DSLDeporteSanLuis\",\"https:\\\/\\\/x.com\\\/deportesanluis\",\"https:\\\/\\\/www.instagram.com\\\/dsl_deportesanluis\\\/\"]},{\"@type\":\"Person\",\"@id\":\"https:\\\/\\\/deportesanluis.com.ar\\\/#\\\/schema\\\/person\\\/4b3e665481e93d271fced43ee48143c8\",\"name\":\"admin\",\"image\":{\"@type\":\"ImageObject\",\"inLanguage\":\"es-AR\",\"@id\":\"https:\\\/\\\/secure.gravatar.com\\\/avatar\\\/5424b2c21466f502587708c43dbe2dc47b5e643fec67835095677cd3af6ba546?s=96&d=mm&r=g\",\"url\":\"https:\\\/\\\/secure.gravatar.com\\\/avatar\\\/5424b2c21466f502587708c43dbe2dc47b5e643fec67835095677cd3af6ba546?s=96&d=mm&r=g\",\"contentUrl\":\"https:\\\/\\\/secure.gravatar.com\\\/avatar\\\/5424b2c21466f502587708c43dbe2dc47b5e643fec67835095677cd3af6ba546?s=96&d=mm&r=g\",\"caption\":\"admin\"},\"sameAs\":[\"https:\\\/\\\/deportesanluis.com.ar\"],\"url\":\"https:\\\/\\\/deportesanluis.com.ar\\\/author\\\/admin\\\/\"}]}<\/script>\n<!-- \/ Yoast SEO plugin. -->","yoast_head_json":{"title":"Juventud se prob\u00f3 con Atenas - DSL","description":"Fue el pasado mi\u00e9rcoles en el Estadio \u00danico La Pedrera de Villa Mercedes con dos partidos amistosos. Ambos equipos ser\u00e1n rivales en el Federal A.\u00a0","robots":{"index":"index","follow":"follow","max-snippet":"max-snippet:-1","max-image-preview":"max-image-preview:large","max-video-preview":"max-video-preview:-1"},"canonical":"https:\/\/deportesanluis.com.ar\/juventud-se-probo-con-atenas\/","og_locale":"es_ES","og_type":"article","og_title":"Juventud se prob\u00f3 con Atenas - DSL","og_description":"Fue el pasado mi\u00e9rcoles en el Estadio \u00danico La Pedrera de Villa Mercedes con dos partidos amistosos. Ambos equipos ser\u00e1n rivales en el Federal A.\u00a0","og_url":"https:\/\/deportesanluis.com.ar\/juventud-se-probo-con-atenas\/","og_site_name":"DSL","article_publisher":"https:\/\/www.facebook.com\/DSLDeporteSanLuis","article_published_time":"2026-02-27T14:06:56+00:00","article_modified_time":"2026-03-01T15:30:39+00:00","og_image":[{"width":1601,"height":1001,"url":"https:\/\/deportesanluis.com.ar\/wp-content\/uploads\/2026\/02\/Juventud-amistoso-Atenas-4.jpg","type":"image\/jpeg"}],"author":"admin","twitter_card":"summary_large_image","twitter_creator":"@deportesanluis","twitter_site":"@deportesanluis","twitter_misc":{"Escrito por":"admin","Tiempo de lectura":"1 minuto"},"schema":{"@context":"https:\/\/schema.org","@graph":[{"@type":"Article","@id":"https:\/\/deportesanluis.com.ar\/juventud-se-probo-con-atenas\/#article","isPartOf":{"@id":"https:\/\/deportesanluis.com.ar\/juventud-se-probo-con-atenas\/"},"author":{"name":"admin","@id":"https:\/\/deportesanluis.com.ar\/#\/schema\/person\/4b3e665481e93d271fced43ee48143c8"},"headline":"Juventud se prob\u00f3 con Atenas","datePublished":"2026-02-27T14:06:56+00:00","dateModified":"2026-03-01T15:30:39+00:00","mainEntityOfPage":{"@id":"https:\/\/deportesanluis.com.ar\/juventud-se-probo-con-atenas\/"},"wordCount":110,"publisher":{"@id":"https:\/\/deportesanluis.com.ar\/#organization"},"image":{"@id":"https:\/\/deportesanluis.com.ar\/juventud-se-probo-con-atenas\/#primaryimage"},"thumbnailUrl":"https:\/\/deportesanluis.com.ar\/wp-content\/uploads\/2026\/02\/Juventud-amistoso-Atenas-4.jpg","keywords":["Federal A","F\u00fatbol","Juventud"],"articleSection":["4","FA","F\u00fatbol"],"inLanguage":"es-AR"},{"@type":"WebPage","@id":"https:\/\/deportesanluis.com.ar\/juventud-se-probo-con-atenas\/","url":"https:\/\/deportesanluis.com.ar\/juventud-se-probo-con-atenas\/","name":"Juventud se prob\u00f3 con Atenas - DSL","isPartOf":{"@id":"https:\/\/deportesanluis.com.ar\/#website"},"primaryImageOfPage":{"@id":"https:\/\/deportesanluis.com.ar\/juventud-se-probo-con-atenas\/#primaryimage"},"image":{"@id":"https:\/\/deportesanluis.com.ar\/juventud-se-probo-con-atenas\/#primaryimage"},"thumbnailUrl":"https:\/\/deportesanluis.com.ar\/wp-content\/uploads\/2026\/02\/Juventud-amistoso-Atenas-4.jpg","datePublished":"2026-02-27T14:06:56+00:00","dateModified":"2026-03-01T15:30:39+00:00","description":"Fue el pasado mi\u00e9rcoles en el Estadio \u00danico La Pedrera de Villa Mercedes con dos partidos amistosos. Ambos equipos ser\u00e1n rivales en el Federal A.\u00a0","breadcrumb":{"@id":"https:\/\/deportesanluis.com.ar\/juventud-se-probo-con-atenas\/#breadcrumb"},"inLanguage":"es-AR","potentialAction":[{"@type":"ReadAction","target":["https:\/\/deportesanluis.com.ar\/juventud-se-probo-con-atenas\/"]}]},{"@type":"ImageObject","inLanguage":"es-AR","@id":"https:\/\/deportesanluis.com.ar\/juventud-se-probo-con-atenas\/#primaryimage","url":"https:\/\/deportesanluis.com.ar\/wp-content\/uploads\/2026\/02\/Juventud-amistoso-Atenas-4.jpg","contentUrl":"https:\/\/deportesanluis.com.ar\/wp-content\/uploads\/2026\/02\/Juventud-amistoso-Atenas-4.jpg","width":1601,"height":1001},{"@type":"BreadcrumbList","@id":"https:\/\/deportesanluis.com.ar\/juventud-se-probo-con-atenas\/#breadcrumb","itemListElement":[{"@type":"ListItem","position":1,"name":"Home","item":"https:\/\/deportesanluis.com.ar\/"},{"@type":"ListItem","position":2,"name":"Juventud se prob\u00f3 con Atenas"}]},{"@type":"WebSite","@id":"https:\/\/deportesanluis.com.ar\/#website","url":"https:\/\/deportesanluis.com.ar\/","name":"deportesanluis.com.ar","description":"Noticias de Deporte de San Luis","publisher":{"@id":"https:\/\/deportesanluis.com.ar\/#organization"},"alternateName":"Deporte SL","potentialAction":[{"@type":"SearchAction","target":{"@type":"EntryPoint","urlTemplate":"https:\/\/deportesanluis.com.ar\/?s={search_term_string}"},"query-input":{"@type":"PropertyValueSpecification","valueRequired":true,"valueName":"search_term_string"}}],"inLanguage":"es-AR"},{"@type":"Organization","@id":"https:\/\/deportesanluis.com.ar\/#organization","name":"DSL","alternateName":"Deporte SL","url":"https:\/\/deportesanluis.com.ar\/","logo":{"@type":"ImageObject","inLanguage":"es-AR","@id":"https:\/\/deportesanluis.com.ar\/#\/schema\/logo\/image\/","url":"https:\/\/deportesanluis.com.ar\/wp-content\/uploads\/2023\/06\/DSL-Logo-2023-5.jpg","contentUrl":"https:\/\/deportesanluis.com.ar\/wp-content\/uploads\/2023\/06\/DSL-Logo-2023-5.jpg","width":1718,"height":845,"caption":"DSL"},"image":{"@id":"https:\/\/deportesanluis.com.ar\/#\/schema\/logo\/image\/"},"sameAs":["https:\/\/www.facebook.com\/DSLDeporteSanLuis","https:\/\/x.com\/deportesanluis","https:\/\/www.instagram.com\/dsl_deportesanluis\/"]},{"@type":"Person","@id":"https:\/\/deportesanluis.com.ar\/#\/schema\/person\/4b3e665481e93d271fced43ee48143c8","name":"admin","image":{"@type":"ImageObject","inLanguage":"es-AR","@id":"https:\/\/secure.gravatar.com\/avatar\/5424b2c21466f502587708c43dbe2dc47b5e643fec67835095677cd3af6ba546?s=96&d=mm&r=g","url":"https:\/\/secure.gravatar.com\/avatar\/5424b2c21466f502587708c43dbe2dc47b5e643fec67835095677cd3af6ba546?s=96&d=mm&r=g","contentUrl":"https:\/\/secure.gravatar.com\/avatar\/5424b2c21466f502587708c43dbe2dc47b5e643fec67835095677cd3af6ba546?s=96&d=mm&r=g","caption":"admin"},"sameAs":["https:\/\/deportesanluis.com.ar"],"url":"https:\/\/deportesanluis.com.ar\/author\/admin\/"}]}},"_links":{"self":[{"href":"https:\/\/deportesanluis.com.ar\/wp-json\/wp\/v2\/posts\/30931","targetHints":{"allow":["GET"]}}],"collection":[{"href":"https:\/\/deportesanluis.com.ar\/wp-json\/wp\/v2\/posts"}],"about":[{"href":"https:\/\/deportesanluis.com.ar\/wp-json\/wp\/v2\/types\/post"}],"author":[{"embeddable":true,"href":"https:\/\/deportesanluis.com.ar\/wp-json\/wp\/v2\/users\/1"}],"replies":[{"embeddable":true,"href":"https:\/\/deportesanluis.com.ar\/wp-json\/wp\/v2\/comments?post=30931"}],"version-history":[{"count":1,"href":"https:\/\/deportesanluis.com.ar\/wp-json\/wp\/v2\/posts\/30931\/revisions"}],"predecessor-version":[{"id":30936,"href":"https:\/\/deportesanluis.com.ar\/wp-json\/wp\/v2\/posts\/30931\/revisions\/30936"}],"wp:featuredmedia":[{"embeddable":true,"href":"https:\/\/deportesanluis.com.ar\/wp-json\/wp\/v2\/media\/30935"}],"wp:attachment":[{"href":"https:\/\/deportesanluis.com.ar\/wp-json\/wp\/v2\/media?parent=30931"}],"wp:term":[{"taxonomy":"category","embeddable":true,"href":"https:\/\/deportesanluis.com.ar\/wp-json\/wp\/v2\/categories?post=30931"},{"taxonomy":"post_tag","embeddable":true,"href":"https:\/\/deportesanluis.com.ar\/wp-json\/wp\/v2\/tags?post=30931"}],"curies":[{"name":"wp","href":"https:\/\/api.w.org\/{rel}","templated":true}]}}