{"id":31037,"date":"2026-03-05T09:24:17","date_gmt":"2026-03-05T12:24:17","guid":{"rendered":"https:\/\/deportesanluis.com.ar\/?p=31037"},"modified":"2026-03-13T10:52:09","modified_gmt":"2026-03-13T13:52:09","slug":"se-presentaron-los-intercolegiales-deportivos-2026","status":"publish","type":"post","link":"https:\/\/deportesanluis.com.ar\/se-presentaron-los-intercolegiales-deportivos-2026\/","title":{"rendered":"Se presentaron los Intercolegiales Deportivos 2026"},"content":{"rendered":"<p>El 2026 fue declarado el A\u00f1o de la Educaci\u00f3n para el Gobierno de la Provincia de San Luis. Si bien conmemora los 200 a\u00f1os de la creaci\u00f3n de la primera escuela de Domingo Faustino Sarmiento, tambi\u00e9n se busca divulgar y destacar todas las pol\u00edticas educativas que lleva adelante el Gobierno provincial en su agenda de trabajo.<\/p>\n<p>\u201cEstamos recorriendo diferentes escuelas de toda la provincia. Comenzamos las clases la semana pasada y esto lo hemos enmarcado dentro de la Gira Educativa. El tema de hoy es los Intercolegiales Deportivos, tanto la premiaci\u00f3n del a\u00f1o pasado, que est\u00e1n las tres instituciones educativas que ganaron los tres principales premios del a\u00f1o pasado en la versi\u00f3n 2025, y por supuesto, el lanzamiento de los Intercolegiales Deportivos para este a\u00f1o 2026, donde seguramente ustedes tambi\u00e9n van a ser protagonistas\u201d, manifest\u00f3 el Primer Mandatario.<\/p>\n<p><a href=\"https:\/\/deportesanluis.com.ar\/wp-content\/uploads\/2026\/03\/Intercolegiales26-02-Gobierno26.jpg\"><img loading=\"lazy\" decoding=\"async\" class=\"aligncenter size-full wp-image-31039\" src=\"https:\/\/deportesanluis.com.ar\/wp-content\/uploads\/2026\/03\/Intercolegiales26-02-Gobierno26.jpg\" alt=\"\" width=\"1601\" height=\"1001\" srcset=\"https:\/\/deportesanluis.com.ar\/wp-content\/uploads\/2026\/03\/Intercolegiales26-02-Gobierno26.jpg 1601w, https:\/\/deportesanluis.com.ar\/wp-content\/uploads\/2026\/03\/Intercolegiales26-02-Gobierno26-300x188.jpg 300w, https:\/\/deportesanluis.com.ar\/wp-content\/uploads\/2026\/03\/Intercolegiales26-02-Gobierno26-1024x640.jpg 1024w, https:\/\/deportesanluis.com.ar\/wp-content\/uploads\/2026\/03\/Intercolegiales26-02-Gobierno26-768x480.jpg 768w, https:\/\/deportesanluis.com.ar\/wp-content\/uploads\/2026\/03\/Intercolegiales26-02-Gobierno26-1536x960.jpg 1536w, https:\/\/deportesanluis.com.ar\/wp-content\/uploads\/2026\/03\/Intercolegiales26-02-Gobierno26-672x420.jpg 672w, https:\/\/deportesanluis.com.ar\/wp-content\/uploads\/2026\/03\/Intercolegiales26-02-Gobierno26-150x94.jpg 150w, https:\/\/deportesanluis.com.ar\/wp-content\/uploads\/2026\/03\/Intercolegiales26-02-Gobierno26-696x435.jpg 696w, https:\/\/deportesanluis.com.ar\/wp-content\/uploads\/2026\/03\/Intercolegiales26-02-Gobierno26-1068x668.jpg 1068w\" sizes=\"auto, (max-width: 1601px) 100vw, 1601px\" \/><\/a><\/p>\n<p>En este sentido, desde este mi\u00e9rcoles est\u00e1n habilitadas las inscripciones para la nueva edici\u00f3n de los Intercolegiales Deportivos, una iniciativa que promueve la actividad f\u00edsica, el trabajo en equipo y, sobre todo, el compa\u00f1erismo. Esta nueva temporada contar\u00e1 con dos nuevas disciplinas: atletismo y nataci\u00f3n.<\/p>\n<p>La secretaria de Deportes, Adelaida Mu\u00f1iz, explic\u00f3 que entre las premisas de los Juegos est\u00e1 \u201cmejorar la salud f\u00edsica y mental de cada uno de los chicos y acrecentar las habilidades sociales\u201d. Para cumplir las expectativas, se firmaron convenios con la Federaci\u00f3n de B\u00e1squet; de V\u00f3ley; de F\u00fatbol y la de Handball. Adem\u00e1s, se rubricaron acuerdos con el Instituto de Formaci\u00f3n Docente Continua (IFDC); el Instituto Superior de Educaci\u00f3n F\u00edsica; con el Instituto de Cultural Argentino y tambi\u00e9n con el Colegio P\u00fablico de Profesionales de la Educaci\u00f3n F\u00edsica.<\/p>\n<p><a href=\"https:\/\/deportesanluis.com.ar\/wp-content\/uploads\/2026\/03\/Intercolegiales26-03-Gobierno26.jpg\"><img loading=\"lazy\" decoding=\"async\" class=\"aligncenter size-full wp-image-31040\" src=\"https:\/\/deportesanluis.com.ar\/wp-content\/uploads\/2026\/03\/Intercolegiales26-03-Gobierno26.jpg\" alt=\"\" width=\"1601\" height=\"1001\" srcset=\"https:\/\/deportesanluis.com.ar\/wp-content\/uploads\/2026\/03\/Intercolegiales26-03-Gobierno26.jpg 1601w, https:\/\/deportesanluis.com.ar\/wp-content\/uploads\/2026\/03\/Intercolegiales26-03-Gobierno26-300x188.jpg 300w, https:\/\/deportesanluis.com.ar\/wp-content\/uploads\/2026\/03\/Intercolegiales26-03-Gobierno26-1024x640.jpg 1024w, https:\/\/deportesanluis.com.ar\/wp-content\/uploads\/2026\/03\/Intercolegiales26-03-Gobierno26-768x480.jpg 768w, https:\/\/deportesanluis.com.ar\/wp-content\/uploads\/2026\/03\/Intercolegiales26-03-Gobierno26-1536x960.jpg 1536w, https:\/\/deportesanluis.com.ar\/wp-content\/uploads\/2026\/03\/Intercolegiales26-03-Gobierno26-672x420.jpg 672w, https:\/\/deportesanluis.com.ar\/wp-content\/uploads\/2026\/03\/Intercolegiales26-03-Gobierno26-150x94.jpg 150w, https:\/\/deportesanluis.com.ar\/wp-content\/uploads\/2026\/03\/Intercolegiales26-03-Gobierno26-696x435.jpg 696w, https:\/\/deportesanluis.com.ar\/wp-content\/uploads\/2026\/03\/Intercolegiales26-03-Gobierno26-1068x668.jpg 1068w\" sizes=\"auto, (max-width: 1601px) 100vw, 1601px\" \/><\/a><\/p>\n<p>Esto, se\u00f1al\u00f3 Mu\u00f1iz, \u201cpermiti\u00f3 ampliar el mapa de desarrollo de los juegos deportivos y por lo tanto llegamos a toda la provincia y a esos les dio la pr\u00e1ctica que necesitan para recibirse como futuros profesores\u201d. Y de esta manera durante el 2025 hubo un incremento del 50% en la participaci\u00f3n: \u201cjugaron m\u00e1s de 68.000 chicos, 43.000 fueron de primaria, tuvimos 685 escuelas participando, lo que es casi el 98% de los institutos; y por supuesto que estuvimos en m\u00e1s de 120 localidades a lo largo de los nueve departamentos\u201d, detall\u00f3.<br \/>\nTres escuelas fueron premiadas por su desempe\u00f1o en los Intercolegiales Deportivos 2025<\/p>\n<p>Durante la jornada, se vivi\u00f3 un momento especial y emocionante donde tres escuelas recibieron sus premios por su participaci\u00f3n en el certamen. Los cheques simb\u00f3licos por $20.000.000 fueron entregados por el gobernador Poggi, el ministro de Educaci\u00f3n, Guillermo Araujo, y la secretaria de deportes, Mu\u00f1iz. Cada instituci\u00f3n seleccion\u00f3 y adquiri\u00f3 los materiales deportivos de acuerdo a las disciplinas que realizan y las instalaciones de la instituci\u00f3n.<\/p>\n<p><a href=\"https:\/\/deportesanluis.com.ar\/wp-content\/uploads\/2026\/03\/Intercolegiales26-01-Gobierno26.jpg\"><img loading=\"lazy\" decoding=\"async\" class=\"aligncenter size-full wp-image-31038\" src=\"https:\/\/deportesanluis.com.ar\/wp-content\/uploads\/2026\/03\/Intercolegiales26-01-Gobierno26.jpg\" alt=\"\" width=\"1601\" height=\"1001\" srcset=\"https:\/\/deportesanluis.com.ar\/wp-content\/uploads\/2026\/03\/Intercolegiales26-01-Gobierno26.jpg 1601w, https:\/\/deportesanluis.com.ar\/wp-content\/uploads\/2026\/03\/Intercolegiales26-01-Gobierno26-300x188.jpg 300w, https:\/\/deportesanluis.com.ar\/wp-content\/uploads\/2026\/03\/Intercolegiales26-01-Gobierno26-1024x640.jpg 1024w, https:\/\/deportesanluis.com.ar\/wp-content\/uploads\/2026\/03\/Intercolegiales26-01-Gobierno26-768x480.jpg 768w, https:\/\/deportesanluis.com.ar\/wp-content\/uploads\/2026\/03\/Intercolegiales26-01-Gobierno26-1536x960.jpg 1536w, https:\/\/deportesanluis.com.ar\/wp-content\/uploads\/2026\/03\/Intercolegiales26-01-Gobierno26-672x420.jpg 672w, https:\/\/deportesanluis.com.ar\/wp-content\/uploads\/2026\/03\/Intercolegiales26-01-Gobierno26-150x94.jpg 150w, https:\/\/deportesanluis.com.ar\/wp-content\/uploads\/2026\/03\/Intercolegiales26-01-Gobierno26-696x435.jpg 696w, https:\/\/deportesanluis.com.ar\/wp-content\/uploads\/2026\/03\/Intercolegiales26-01-Gobierno26-1068x668.jpg 1068w\" sizes=\"auto, (max-width: 1601px) 100vw, 1601px\" \/><\/a><\/p>\n<p>Por un lado, la Escuela P\u00fablica Biling\u00fce Digital \u2018Nelson Mandela\u2019, de la ciudad de La Punta, obtuvo la \u2018Copa Participaci\u00f3n\u2019. De esta manera, recibi\u00f3 20 pelotas de b\u00e1squet y f\u00fatbol ; 60 pelotas, dos arcos y cuatro redes de handball; 25 pelotas, dos varillas y dos redes de v\u00f3ley; un postes par; infladores; silbatos; colchonetas; cron\u00f3metros; conos; vallas; aros y bolsos porta pelotas.<\/p>\n<p>En segundo lugar, el Centro Educativo N\u00b09 \u2018Juan Llerena\u2019 de Villa Mercedes, alcanz\u00f3 la \u2018Copa Challenger\u2019. Con ella se llev\u00f3 en materiales deportivos: 20 pelotas de b\u00e1squet; 30 pelotas de f\u00fatbol; 88 pelotas, dos arcos y cuatro redes de handball; 103 pelotas, cuatro varillas y cuatro redes de v\u00f3ley; infladores; silbatos; colchonetas; cron\u00f3metros; conos; vallas; aros y bolsos porta pelotas.<\/p>\n<p>Finalmente, la EPA N\u00b011 \u2018Carlos Juan Rodr\u00edguez\u2019, de la ciudad de San Luis, consigui\u00f3 la \u2018Copa Fair Play\u2019. Fueron destacados por su competencia respetuosa donde prevalecieron los valores deportivos. La escuela obtuvo 102 pelotas de b\u00e1squet; 60 pelotas y dos arcos de f\u00fatbol; 70 pelotas de handball; 44 pelotas y cuatro redes de v\u00f3ley; infladores; silbatos; colchonetas; cron\u00f3metros; conos; vallas; aros y bolsos porta pelotas.<\/p>\n<hr \/>\n<p><strong>Nota:<\/strong> ANSL<\/p>\n","protected":false},"excerpt":{"rendered":"<p>El gobernador Claudio Poggi encabez\u00f3 la jornada que se desarroll\u00f3 en el sal\u00f3n Malvinas Argentinas en donde se entregaron los premios de la pasada edici\u00f3n y, adem\u00e1s, se confirm\u00f3 la incorporaci\u00f3n del atletismo y la nataci\u00f3n.\u00a0<\/p>\n","protected":false},"author":1,"featured_media":31041,"comment_status":"closed","ping_status":"closed","sticky":false,"template":"","format":"standard","meta":{"footnotes":""},"categories":[32],"tags":[344],"class_list":{"0":"post-31037","1":"post","2":"type-post","3":"status-publish","4":"format-standard","5":"has-post-thumbnail","7":"category-poli","8":"tag-juegos-intercolegiales"},"yoast_head":"<!-- This site is optimized with the Yoast SEO plugin v27.4 - https:\/\/yoast.com\/product\/yoast-seo-wordpress\/ -->\n<title>Se presentaron los Intercolegiales Deportivos 2026 - DSL<\/title>\n<meta name=\"description\" content=\"El gobernador Claudio Poggi encabez\u00f3 la jornada que se desarroll\u00f3 en el sal\u00f3n Malvinas Argentinas en donde se entregaron los premios de la pasada edici\u00f3n y, adem\u00e1s, se confirm\u00f3 la incorporaci\u00f3n del atletismo y la nataci\u00f3n.\u00a0\" \/>\n<meta name=\"robots\" content=\"index, follow, max-snippet:-1, max-image-preview:large, max-video-preview:-1\" \/>\n<link rel=\"canonical\" href=\"https:\/\/deportesanluis.com.ar\/se-presentaron-los-intercolegiales-deportivos-2026\/\" \/>\n<meta property=\"og:locale\" content=\"es_ES\" \/>\n<meta property=\"og:type\" content=\"article\" \/>\n<meta property=\"og:title\" content=\"Se presentaron los Intercolegiales Deportivos 2026 - DSL\" \/>\n<meta property=\"og:description\" content=\"El gobernador Claudio Poggi encabez\u00f3 la jornada que se desarroll\u00f3 en el sal\u00f3n Malvinas Argentinas en donde se entregaron los premios de la pasada edici\u00f3n y, adem\u00e1s, se confirm\u00f3 la incorporaci\u00f3n del atletismo y la nataci\u00f3n.\u00a0\" \/>\n<meta property=\"og:url\" content=\"https:\/\/deportesanluis.com.ar\/se-presentaron-los-intercolegiales-deportivos-2026\/\" \/>\n<meta property=\"og:site_name\" content=\"DSL\" \/>\n<meta property=\"article:publisher\" content=\"https:\/\/www.facebook.com\/DSLDeporteSanLuis\" \/>\n<meta property=\"article:published_time\" content=\"2026-03-05T12:24:17+00:00\" \/>\n<meta property=\"article:modified_time\" content=\"2026-03-13T13:52:09+00:00\" \/>\n<meta property=\"og:image\" content=\"https:\/\/deportesanluis.com.ar\/wp-content\/uploads\/2026\/03\/Intercolegiales26-04-Gobierno26.jpg\" \/>\n\t<meta property=\"og:image:width\" content=\"1601\" \/>\n\t<meta property=\"og:image:height\" content=\"1001\" \/>\n\t<meta property=\"og:image:type\" content=\"image\/jpeg\" \/>\n<meta name=\"author\" content=\"admin\" \/>\n<meta name=\"twitter:card\" content=\"summary_large_image\" \/>\n<meta name=\"twitter:creator\" content=\"@deportesanluis\" \/>\n<meta name=\"twitter:site\" content=\"@deportesanluis\" \/>\n<meta name=\"twitter:label1\" content=\"Escrito por\" \/>\n\t<meta name=\"twitter:data1\" content=\"admin\" \/>\n\t<meta name=\"twitter:label2\" content=\"Tiempo de lectura\" \/>\n\t<meta name=\"twitter:data2\" content=\"4 minutos\" \/>\n<script type=\"application\/ld+json\" class=\"yoast-schema-graph\">{\"@context\":\"https:\\\/\\\/schema.org\",\"@graph\":[{\"@type\":\"Article\",\"@id\":\"https:\\\/\\\/deportesanluis.com.ar\\\/se-presentaron-los-intercolegiales-deportivos-2026\\\/#article\",\"isPartOf\":{\"@id\":\"https:\\\/\\\/deportesanluis.com.ar\\\/se-presentaron-los-intercolegiales-deportivos-2026\\\/\"},\"author\":{\"name\":\"admin\",\"@id\":\"https:\\\/\\\/deportesanluis.com.ar\\\/#\\\/schema\\\/person\\\/4b3e665481e93d271fced43ee48143c8\"},\"headline\":\"Se presentaron los Intercolegiales Deportivos 2026\",\"datePublished\":\"2026-03-05T12:24:17+00:00\",\"dateModified\":\"2026-03-13T13:52:09+00:00\",\"mainEntityOfPage\":{\"@id\":\"https:\\\/\\\/deportesanluis.com.ar\\\/se-presentaron-los-intercolegiales-deportivos-2026\\\/\"},\"wordCount\":672,\"publisher\":{\"@id\":\"https:\\\/\\\/deportesanluis.com.ar\\\/#organization\"},\"image\":{\"@id\":\"https:\\\/\\\/deportesanluis.com.ar\\\/se-presentaron-los-intercolegiales-deportivos-2026\\\/#primaryimage\"},\"thumbnailUrl\":\"https:\\\/\\\/deportesanluis.com.ar\\\/wp-content\\\/uploads\\\/2026\\\/03\\\/Intercolegiales26-04-Gobierno26.jpg\",\"keywords\":[\"Juegos Intercolegiales\"],\"articleSection\":[\"Poli\"],\"inLanguage\":\"es-AR\"},{\"@type\":\"WebPage\",\"@id\":\"https:\\\/\\\/deportesanluis.com.ar\\\/se-presentaron-los-intercolegiales-deportivos-2026\\\/\",\"url\":\"https:\\\/\\\/deportesanluis.com.ar\\\/se-presentaron-los-intercolegiales-deportivos-2026\\\/\",\"name\":\"Se presentaron los Intercolegiales Deportivos 2026 - DSL\",\"isPartOf\":{\"@id\":\"https:\\\/\\\/deportesanluis.com.ar\\\/#website\"},\"primaryImageOfPage\":{\"@id\":\"https:\\\/\\\/deportesanluis.com.ar\\\/se-presentaron-los-intercolegiales-deportivos-2026\\\/#primaryimage\"},\"image\":{\"@id\":\"https:\\\/\\\/deportesanluis.com.ar\\\/se-presentaron-los-intercolegiales-deportivos-2026\\\/#primaryimage\"},\"thumbnailUrl\":\"https:\\\/\\\/deportesanluis.com.ar\\\/wp-content\\\/uploads\\\/2026\\\/03\\\/Intercolegiales26-04-Gobierno26.jpg\",\"datePublished\":\"2026-03-05T12:24:17+00:00\",\"dateModified\":\"2026-03-13T13:52:09+00:00\",\"description\":\"El gobernador Claudio Poggi encabez\u00f3 la jornada que se desarroll\u00f3 en el sal\u00f3n Malvinas Argentinas en donde se entregaron los premios de la pasada edici\u00f3n y, adem\u00e1s, se confirm\u00f3 la incorporaci\u00f3n del atletismo y la nataci\u00f3n.\u00a0\",\"breadcrumb\":{\"@id\":\"https:\\\/\\\/deportesanluis.com.ar\\\/se-presentaron-los-intercolegiales-deportivos-2026\\\/#breadcrumb\"},\"inLanguage\":\"es-AR\",\"potentialAction\":[{\"@type\":\"ReadAction\",\"target\":[\"https:\\\/\\\/deportesanluis.com.ar\\\/se-presentaron-los-intercolegiales-deportivos-2026\\\/\"]}]},{\"@type\":\"ImageObject\",\"inLanguage\":\"es-AR\",\"@id\":\"https:\\\/\\\/deportesanluis.com.ar\\\/se-presentaron-los-intercolegiales-deportivos-2026\\\/#primaryimage\",\"url\":\"https:\\\/\\\/deportesanluis.com.ar\\\/wp-content\\\/uploads\\\/2026\\\/03\\\/Intercolegiales26-04-Gobierno26.jpg\",\"contentUrl\":\"https:\\\/\\\/deportesanluis.com.ar\\\/wp-content\\\/uploads\\\/2026\\\/03\\\/Intercolegiales26-04-Gobierno26.jpg\",\"width\":1601,\"height\":1001},{\"@type\":\"BreadcrumbList\",\"@id\":\"https:\\\/\\\/deportesanluis.com.ar\\\/se-presentaron-los-intercolegiales-deportivos-2026\\\/#breadcrumb\",\"itemListElement\":[{\"@type\":\"ListItem\",\"position\":1,\"name\":\"Home\",\"item\":\"https:\\\/\\\/deportesanluis.com.ar\\\/\"},{\"@type\":\"ListItem\",\"position\":2,\"name\":\"Se presentaron los Intercolegiales Deportivos 2026\"}]},{\"@type\":\"WebSite\",\"@id\":\"https:\\\/\\\/deportesanluis.com.ar\\\/#website\",\"url\":\"https:\\\/\\\/deportesanluis.com.ar\\\/\",\"name\":\"deportesanluis.com.ar\",\"description\":\"Noticias de Deporte de San Luis\",\"publisher\":{\"@id\":\"https:\\\/\\\/deportesanluis.com.ar\\\/#organization\"},\"alternateName\":\"Deporte SL\",\"potentialAction\":[{\"@type\":\"SearchAction\",\"target\":{\"@type\":\"EntryPoint\",\"urlTemplate\":\"https:\\\/\\\/deportesanluis.com.ar\\\/?s={search_term_string}\"},\"query-input\":{\"@type\":\"PropertyValueSpecification\",\"valueRequired\":true,\"valueName\":\"search_term_string\"}}],\"inLanguage\":\"es-AR\"},{\"@type\":\"Organization\",\"@id\":\"https:\\\/\\\/deportesanluis.com.ar\\\/#organization\",\"name\":\"DSL\",\"alternateName\":\"Deporte SL\",\"url\":\"https:\\\/\\\/deportesanluis.com.ar\\\/\",\"logo\":{\"@type\":\"ImageObject\",\"inLanguage\":\"es-AR\",\"@id\":\"https:\\\/\\\/deportesanluis.com.ar\\\/#\\\/schema\\\/logo\\\/image\\\/\",\"url\":\"https:\\\/\\\/deportesanluis.com.ar\\\/wp-content\\\/uploads\\\/2023\\\/06\\\/DSL-Logo-2023-5.jpg\",\"contentUrl\":\"https:\\\/\\\/deportesanluis.com.ar\\\/wp-content\\\/uploads\\\/2023\\\/06\\\/DSL-Logo-2023-5.jpg\",\"width\":1718,\"height\":845,\"caption\":\"DSL\"},\"image\":{\"@id\":\"https:\\\/\\\/deportesanluis.com.ar\\\/#\\\/schema\\\/logo\\\/image\\\/\"},\"sameAs\":[\"https:\\\/\\\/www.facebook.com\\\/DSLDeporteSanLuis\",\"https:\\\/\\\/x.com\\\/deportesanluis\",\"https:\\\/\\\/www.instagram.com\\\/dsl_deportesanluis\\\/\"]},{\"@type\":\"Person\",\"@id\":\"https:\\\/\\\/deportesanluis.com.ar\\\/#\\\/schema\\\/person\\\/4b3e665481e93d271fced43ee48143c8\",\"name\":\"admin\",\"image\":{\"@type\":\"ImageObject\",\"inLanguage\":\"es-AR\",\"@id\":\"https:\\\/\\\/secure.gravatar.com\\\/avatar\\\/5424b2c21466f502587708c43dbe2dc47b5e643fec67835095677cd3af6ba546?s=96&d=mm&r=g\",\"url\":\"https:\\\/\\\/secure.gravatar.com\\\/avatar\\\/5424b2c21466f502587708c43dbe2dc47b5e643fec67835095677cd3af6ba546?s=96&d=mm&r=g\",\"contentUrl\":\"https:\\\/\\\/secure.gravatar.com\\\/avatar\\\/5424b2c21466f502587708c43dbe2dc47b5e643fec67835095677cd3af6ba546?s=96&d=mm&r=g\",\"caption\":\"admin\"},\"sameAs\":[\"https:\\\/\\\/deportesanluis.com.ar\"],\"url\":\"https:\\\/\\\/deportesanluis.com.ar\\\/author\\\/admin\\\/\"}]}<\/script>\n<!-- \/ Yoast SEO plugin. -->","yoast_head_json":{"title":"Se presentaron los Intercolegiales Deportivos 2026 - DSL","description":"El gobernador Claudio Poggi encabez\u00f3 la jornada que se desarroll\u00f3 en el sal\u00f3n Malvinas Argentinas en donde se entregaron los premios de la pasada edici\u00f3n y, adem\u00e1s, se confirm\u00f3 la incorporaci\u00f3n del atletismo y la nataci\u00f3n.\u00a0","robots":{"index":"index","follow":"follow","max-snippet":"max-snippet:-1","max-image-preview":"max-image-preview:large","max-video-preview":"max-video-preview:-1"},"canonical":"https:\/\/deportesanluis.com.ar\/se-presentaron-los-intercolegiales-deportivos-2026\/","og_locale":"es_ES","og_type":"article","og_title":"Se presentaron los Intercolegiales Deportivos 2026 - DSL","og_description":"El gobernador Claudio Poggi encabez\u00f3 la jornada que se desarroll\u00f3 en el sal\u00f3n Malvinas Argentinas en donde se entregaron los premios de la pasada edici\u00f3n y, adem\u00e1s, se confirm\u00f3 la incorporaci\u00f3n del atletismo y la nataci\u00f3n.\u00a0","og_url":"https:\/\/deportesanluis.com.ar\/se-presentaron-los-intercolegiales-deportivos-2026\/","og_site_name":"DSL","article_publisher":"https:\/\/www.facebook.com\/DSLDeporteSanLuis","article_published_time":"2026-03-05T12:24:17+00:00","article_modified_time":"2026-03-13T13:52:09+00:00","og_image":[{"width":1601,"height":1001,"url":"https:\/\/deportesanluis.com.ar\/wp-content\/uploads\/2026\/03\/Intercolegiales26-04-Gobierno26.jpg","type":"image\/jpeg"}],"author":"admin","twitter_card":"summary_large_image","twitter_creator":"@deportesanluis","twitter_site":"@deportesanluis","twitter_misc":{"Escrito por":"admin","Tiempo de lectura":"4 minutos"},"schema":{"@context":"https:\/\/schema.org","@graph":[{"@type":"Article","@id":"https:\/\/deportesanluis.com.ar\/se-presentaron-los-intercolegiales-deportivos-2026\/#article","isPartOf":{"@id":"https:\/\/deportesanluis.com.ar\/se-presentaron-los-intercolegiales-deportivos-2026\/"},"author":{"name":"admin","@id":"https:\/\/deportesanluis.com.ar\/#\/schema\/person\/4b3e665481e93d271fced43ee48143c8"},"headline":"Se presentaron los Intercolegiales Deportivos 2026","datePublished":"2026-03-05T12:24:17+00:00","dateModified":"2026-03-13T13:52:09+00:00","mainEntityOfPage":{"@id":"https:\/\/deportesanluis.com.ar\/se-presentaron-los-intercolegiales-deportivos-2026\/"},"wordCount":672,"publisher":{"@id":"https:\/\/deportesanluis.com.ar\/#organization"},"image":{"@id":"https:\/\/deportesanluis.com.ar\/se-presentaron-los-intercolegiales-deportivos-2026\/#primaryimage"},"thumbnailUrl":"https:\/\/deportesanluis.com.ar\/wp-content\/uploads\/2026\/03\/Intercolegiales26-04-Gobierno26.jpg","keywords":["Juegos Intercolegiales"],"articleSection":["Poli"],"inLanguage":"es-AR"},{"@type":"WebPage","@id":"https:\/\/deportesanluis.com.ar\/se-presentaron-los-intercolegiales-deportivos-2026\/","url":"https:\/\/deportesanluis.com.ar\/se-presentaron-los-intercolegiales-deportivos-2026\/","name":"Se presentaron los Intercolegiales Deportivos 2026 - DSL","isPartOf":{"@id":"https:\/\/deportesanluis.com.ar\/#website"},"primaryImageOfPage":{"@id":"https:\/\/deportesanluis.com.ar\/se-presentaron-los-intercolegiales-deportivos-2026\/#primaryimage"},"image":{"@id":"https:\/\/deportesanluis.com.ar\/se-presentaron-los-intercolegiales-deportivos-2026\/#primaryimage"},"thumbnailUrl":"https:\/\/deportesanluis.com.ar\/wp-content\/uploads\/2026\/03\/Intercolegiales26-04-Gobierno26.jpg","datePublished":"2026-03-05T12:24:17+00:00","dateModified":"2026-03-13T13:52:09+00:00","description":"El gobernador Claudio Poggi encabez\u00f3 la jornada que se desarroll\u00f3 en el sal\u00f3n Malvinas Argentinas en donde se entregaron los premios de la pasada edici\u00f3n y, adem\u00e1s, se confirm\u00f3 la incorporaci\u00f3n del atletismo y la nataci\u00f3n.\u00a0","breadcrumb":{"@id":"https:\/\/deportesanluis.com.ar\/se-presentaron-los-intercolegiales-deportivos-2026\/#breadcrumb"},"inLanguage":"es-AR","potentialAction":[{"@type":"ReadAction","target":["https:\/\/deportesanluis.com.ar\/se-presentaron-los-intercolegiales-deportivos-2026\/"]}]},{"@type":"ImageObject","inLanguage":"es-AR","@id":"https:\/\/deportesanluis.com.ar\/se-presentaron-los-intercolegiales-deportivos-2026\/#primaryimage","url":"https:\/\/deportesanluis.com.ar\/wp-content\/uploads\/2026\/03\/Intercolegiales26-04-Gobierno26.jpg","contentUrl":"https:\/\/deportesanluis.com.ar\/wp-content\/uploads\/2026\/03\/Intercolegiales26-04-Gobierno26.jpg","width":1601,"height":1001},{"@type":"BreadcrumbList","@id":"https:\/\/deportesanluis.com.ar\/se-presentaron-los-intercolegiales-deportivos-2026\/#breadcrumb","itemListElement":[{"@type":"ListItem","position":1,"name":"Home","item":"https:\/\/deportesanluis.com.ar\/"},{"@type":"ListItem","position":2,"name":"Se presentaron los Intercolegiales Deportivos 2026"}]},{"@type":"WebSite","@id":"https:\/\/deportesanluis.com.ar\/#website","url":"https:\/\/deportesanluis.com.ar\/","name":"deportesanluis.com.ar","description":"Noticias de Deporte de San Luis","publisher":{"@id":"https:\/\/deportesanluis.com.ar\/#organization"},"alternateName":"Deporte SL","potentialAction":[{"@type":"SearchAction","target":{"@type":"EntryPoint","urlTemplate":"https:\/\/deportesanluis.com.ar\/?s={search_term_string}"},"query-input":{"@type":"PropertyValueSpecification","valueRequired":true,"valueName":"search_term_string"}}],"inLanguage":"es-AR"},{"@type":"Organization","@id":"https:\/\/deportesanluis.com.ar\/#organization","name":"DSL","alternateName":"Deporte SL","url":"https:\/\/deportesanluis.com.ar\/","logo":{"@type":"ImageObject","inLanguage":"es-AR","@id":"https:\/\/deportesanluis.com.ar\/#\/schema\/logo\/image\/","url":"https:\/\/deportesanluis.com.ar\/wp-content\/uploads\/2023\/06\/DSL-Logo-2023-5.jpg","contentUrl":"https:\/\/deportesanluis.com.ar\/wp-content\/uploads\/2023\/06\/DSL-Logo-2023-5.jpg","width":1718,"height":845,"caption":"DSL"},"image":{"@id":"https:\/\/deportesanluis.com.ar\/#\/schema\/logo\/image\/"},"sameAs":["https:\/\/www.facebook.com\/DSLDeporteSanLuis","https:\/\/x.com\/deportesanluis","https:\/\/www.instagram.com\/dsl_deportesanluis\/"]},{"@type":"Person","@id":"https:\/\/deportesanluis.com.ar\/#\/schema\/person\/4b3e665481e93d271fced43ee48143c8","name":"admin","image":{"@type":"ImageObject","inLanguage":"es-AR","@id":"https:\/\/secure.gravatar.com\/avatar\/5424b2c21466f502587708c43dbe2dc47b5e643fec67835095677cd3af6ba546?s=96&d=mm&r=g","url":"https:\/\/secure.gravatar.com\/avatar\/5424b2c21466f502587708c43dbe2dc47b5e643fec67835095677cd3af6ba546?s=96&d=mm&r=g","contentUrl":"https:\/\/secure.gravatar.com\/avatar\/5424b2c21466f502587708c43dbe2dc47b5e643fec67835095677cd3af6ba546?s=96&d=mm&r=g","caption":"admin"},"sameAs":["https:\/\/deportesanluis.com.ar"],"url":"https:\/\/deportesanluis.com.ar\/author\/admin\/"}]}},"_links":{"self":[{"href":"https:\/\/deportesanluis.com.ar\/wp-json\/wp\/v2\/posts\/31037","targetHints":{"allow":["GET"]}}],"collection":[{"href":"https:\/\/deportesanluis.com.ar\/wp-json\/wp\/v2\/posts"}],"about":[{"href":"https:\/\/deportesanluis.com.ar\/wp-json\/wp\/v2\/types\/post"}],"author":[{"embeddable":true,"href":"https:\/\/deportesanluis.com.ar\/wp-json\/wp\/v2\/users\/1"}],"replies":[{"embeddable":true,"href":"https:\/\/deportesanluis.com.ar\/wp-json\/wp\/v2\/comments?post=31037"}],"version-history":[{"count":1,"href":"https:\/\/deportesanluis.com.ar\/wp-json\/wp\/v2\/posts\/31037\/revisions"}],"predecessor-version":[{"id":31042,"href":"https:\/\/deportesanluis.com.ar\/wp-json\/wp\/v2\/posts\/31037\/revisions\/31042"}],"wp:featuredmedia":[{"embeddable":true,"href":"https:\/\/deportesanluis.com.ar\/wp-json\/wp\/v2\/media\/31041"}],"wp:attachment":[{"href":"https:\/\/deportesanluis.com.ar\/wp-json\/wp\/v2\/media?parent=31037"}],"wp:term":[{"taxonomy":"category","embeddable":true,"href":"https:\/\/deportesanluis.com.ar\/wp-json\/wp\/v2\/categories?post=31037"},{"taxonomy":"post_tag","embeddable":true,"href":"https:\/\/deportesanluis.com.ar\/wp-json\/wp\/v2\/tags?post=31037"}],"curies":[{"name":"wp","href":"https:\/\/api.w.org\/{rel}","templated":true}]}}