{"id":8426,"date":"2022-08-30T08:47:01","date_gmt":"2022-08-30T11:47:01","guid":{"rendered":"https:\/\/deportesanluis.com.ar\/?p=8426"},"modified":"2022-09-01T12:08:37","modified_gmt":"2022-09-01T15:08:37","slug":"el-footgolf-copo-villa-larca","status":"publish","type":"post","link":"https:\/\/deportesanluis.com.ar\/el-footgolf-copo-villa-larca\/","title":{"rendered":"El footgolf cop\u00f3 Villa Larca"},"content":{"rendered":"<p>El pasado fin de semana en el Santa Mar\u00eda Country Golf de Villa Larca se disput\u00f3 en simult\u00e1neo la 2\u00b0 Fecha del Regional y la 6\u00b0 Fecha del Provincial de Footgolf con la organizaci\u00f3n de FootGolf San Luis y el aval de la AAFG.<\/p>\n<p>En el Regional el triunfo fue para Danilo Pereyra con 12 golpes bajo el par seguido de Rodrigo Lucero (-9) y Luciano Arce (-7).<\/p>\n<p><a href=\"https:\/\/deportesanluis.com.ar\/wp-content\/uploads\/2022\/08\/Footgolf22-Fecha6yRegional2.jpg\"><img loading=\"lazy\" decoding=\"async\" class=\"aligncenter size-full wp-image-8428\" src=\"https:\/\/deportesanluis.com.ar\/wp-content\/uploads\/2022\/08\/Footgolf22-Fecha6yRegional2.jpg\" alt=\"\" width=\"800\" height=\"500\" srcset=\"https:\/\/deportesanluis.com.ar\/wp-content\/uploads\/2022\/08\/Footgolf22-Fecha6yRegional2.jpg 800w, https:\/\/deportesanluis.com.ar\/wp-content\/uploads\/2022\/08\/Footgolf22-Fecha6yRegional2-300x188.jpg 300w, https:\/\/deportesanluis.com.ar\/wp-content\/uploads\/2022\/08\/Footgolf22-Fecha6yRegional2-768x480.jpg 768w, https:\/\/deportesanluis.com.ar\/wp-content\/uploads\/2022\/08\/Footgolf22-Fecha6yRegional2-696x435.jpg 696w, https:\/\/deportesanluis.com.ar\/wp-content\/uploads\/2022\/08\/Footgolf22-Fecha6yRegional2-128x80.jpg 128w, https:\/\/deportesanluis.com.ar\/wp-content\/uploads\/2022\/08\/Footgolf22-Fecha6yRegional2-32x20.jpg 32w\" sizes=\"auto, (max-width: 800px) 100vw, 800px\" \/><\/a><\/p>\n<p>En Seniors, la victoria fue para Juan Lucero y en Veteranos para Eduardo M\u00e9ndez.<\/p>\n<p>En simult\u00e1neo y por la sexta etapa del Provincial, el triunfo fue para Rodrigo Lucero escoltado por Luciano y Diego Arce.<\/p>\n<p><a href=\"https:\/\/deportesanluis.com.ar\/wp-content\/uploads\/2022\/08\/Footgolf22-Fecha6yRegional3.jpg\"><img loading=\"lazy\" decoding=\"async\" class=\"aligncenter size-full wp-image-8429\" src=\"https:\/\/deportesanluis.com.ar\/wp-content\/uploads\/2022\/08\/Footgolf22-Fecha6yRegional3.jpg\" alt=\"\" width=\"800\" height=\"500\" srcset=\"https:\/\/deportesanluis.com.ar\/wp-content\/uploads\/2022\/08\/Footgolf22-Fecha6yRegional3.jpg 800w, https:\/\/deportesanluis.com.ar\/wp-content\/uploads\/2022\/08\/Footgolf22-Fecha6yRegional3-300x188.jpg 300w, https:\/\/deportesanluis.com.ar\/wp-content\/uploads\/2022\/08\/Footgolf22-Fecha6yRegional3-768x480.jpg 768w, https:\/\/deportesanluis.com.ar\/wp-content\/uploads\/2022\/08\/Footgolf22-Fecha6yRegional3-696x435.jpg 696w, https:\/\/deportesanluis.com.ar\/wp-content\/uploads\/2022\/08\/Footgolf22-Fecha6yRegional3-128x80.jpg 128w, https:\/\/deportesanluis.com.ar\/wp-content\/uploads\/2022\/08\/Footgolf22-Fecha6yRegional3-32x20.jpg 32w\" sizes=\"auto, (max-width: 800px) 100vw, 800px\" \/><\/a><\/p>\n<p>Claudio Cavallera, seguido de Ra\u00fal Blanch y Fernando Lucero, gan\u00f3 entre los Seniors mientras qu\u00e9, en Veteranos, el triunfo fue para Mario Iriarte.<\/p>\n<p>En Juniors el mejor fue Leandro Pereyra y en Principiantes brill\u00f3 Daniel Benenati. Germ\u00e1n Lavall\u00e9n logr\u00f3 el mejor Long Drive y Jos\u00e9 Lucero el mejor Aprouch.<\/p>\n<p>Cabe destacar que \u00e9ste domingo 4 de septiembre se disputar\u00e1 la 7\u00b0 Fecha del Provincial en Los Caldenes de Villa Mercedes.<\/p>\n<hr \/>\n<p><strong>Nota:<\/strong> Redacci\u00f3n<\/p>\n","protected":false},"excerpt":{"rendered":"<p>Fue el pasado fin de semana por un nuevo cap\u00edtulo del Regional y por la sexta etapa del Circuito Provincial. Danilo Pereyra y Rodrigo Lucero, los mejores.\u00a0<\/p>\n","protected":false},"author":1,"featured_media":8427,"comment_status":"closed","ping_status":"closed","sticky":false,"template":"","format":"standard","meta":{"footnotes":""},"categories":[75,32],"tags":[139],"class_list":{"0":"post-8426","1":"post","2":"type-post","3":"status-publish","4":"format-standard","5":"has-post-thumbnail","7":"category-75","8":"category-poli","9":"tag-footgolf"},"yoast_head":"<!-- This site is optimized with the Yoast SEO plugin v27.4 - https:\/\/yoast.com\/product\/yoast-seo-wordpress\/ -->\n<title>El footgolf cop\u00f3 Villa Larca - DSL<\/title>\n<meta name=\"description\" content=\"Deporte San Luis\" \/>\n<meta name=\"robots\" content=\"index, follow, max-snippet:-1, max-image-preview:large, max-video-preview:-1\" \/>\n<link rel=\"canonical\" href=\"https:\/\/deportesanluis.com.ar\/el-footgolf-copo-villa-larca\/\" \/>\n<meta property=\"og:locale\" content=\"es_ES\" \/>\n<meta property=\"og:type\" content=\"article\" \/>\n<meta property=\"og:title\" content=\"El footgolf cop\u00f3 Villa Larca - DSL\" \/>\n<meta property=\"og:description\" content=\"Deporte San Luis\" \/>\n<meta property=\"og:url\" content=\"https:\/\/deportesanluis.com.ar\/el-footgolf-copo-villa-larca\/\" \/>\n<meta property=\"og:site_name\" content=\"DSL\" \/>\n<meta property=\"article:publisher\" content=\"https:\/\/www.facebook.com\/DSLDeporteSanLuis\" \/>\n<meta property=\"article:published_time\" content=\"2022-08-30T11:47:01+00:00\" \/>\n<meta property=\"article:modified_time\" content=\"2022-09-01T15:08:37+00:00\" \/>\n<meta property=\"og:image\" content=\"https:\/\/deportesanluis.com.ar\/wp-content\/uploads\/2022\/08\/Footgolf22-Fecha6yRegional.jpg\" \/>\n\t<meta property=\"og:image:width\" content=\"800\" \/>\n\t<meta property=\"og:image:height\" content=\"500\" \/>\n\t<meta property=\"og:image:type\" content=\"image\/jpeg\" \/>\n<meta name=\"author\" content=\"admin\" \/>\n<meta name=\"twitter:card\" content=\"summary_large_image\" \/>\n<meta name=\"twitter:creator\" content=\"@deportesanluis\" \/>\n<meta name=\"twitter:site\" content=\"@deportesanluis\" \/>\n<meta name=\"twitter:label1\" content=\"Escrito por\" \/>\n\t<meta name=\"twitter:data1\" content=\"admin\" \/>\n\t<meta name=\"twitter:label2\" content=\"Tiempo de lectura\" \/>\n\t<meta name=\"twitter:data2\" content=\"2 minutos\" \/>\n<script type=\"application\/ld+json\" class=\"yoast-schema-graph\">{\"@context\":\"https:\\\/\\\/schema.org\",\"@graph\":[{\"@type\":\"Article\",\"@id\":\"https:\\\/\\\/deportesanluis.com.ar\\\/el-footgolf-copo-villa-larca\\\/#article\",\"isPartOf\":{\"@id\":\"https:\\\/\\\/deportesanluis.com.ar\\\/el-footgolf-copo-villa-larca\\\/\"},\"author\":{\"name\":\"admin\",\"@id\":\"https:\\\/\\\/deportesanluis.com.ar\\\/#\\\/schema\\\/person\\\/4b3e665481e93d271fced43ee48143c8\"},\"headline\":\"El footgolf cop\u00f3 Villa Larca\",\"datePublished\":\"2022-08-30T11:47:01+00:00\",\"dateModified\":\"2022-09-01T15:08:37+00:00\",\"mainEntityOfPage\":{\"@id\":\"https:\\\/\\\/deportesanluis.com.ar\\\/el-footgolf-copo-villa-larca\\\/\"},\"wordCount\":184,\"publisher\":{\"@id\":\"https:\\\/\\\/deportesanluis.com.ar\\\/#organization\"},\"image\":{\"@id\":\"https:\\\/\\\/deportesanluis.com.ar\\\/el-footgolf-copo-villa-larca\\\/#primaryimage\"},\"thumbnailUrl\":\"https:\\\/\\\/deportesanluis.com.ar\\\/wp-content\\\/uploads\\\/2022\\\/08\\\/Footgolf22-Fecha6yRegional.jpg\",\"keywords\":[\"Footgolf\"],\"articleSection\":[\"15\",\"Poli\"],\"inLanguage\":\"es-AR\"},{\"@type\":\"WebPage\",\"@id\":\"https:\\\/\\\/deportesanluis.com.ar\\\/el-footgolf-copo-villa-larca\\\/\",\"url\":\"https:\\\/\\\/deportesanluis.com.ar\\\/el-footgolf-copo-villa-larca\\\/\",\"name\":\"El footgolf cop\u00f3 Villa Larca - DSL\",\"isPartOf\":{\"@id\":\"https:\\\/\\\/deportesanluis.com.ar\\\/#website\"},\"primaryImageOfPage\":{\"@id\":\"https:\\\/\\\/deportesanluis.com.ar\\\/el-footgolf-copo-villa-larca\\\/#primaryimage\"},\"image\":{\"@id\":\"https:\\\/\\\/deportesanluis.com.ar\\\/el-footgolf-copo-villa-larca\\\/#primaryimage\"},\"thumbnailUrl\":\"https:\\\/\\\/deportesanluis.com.ar\\\/wp-content\\\/uploads\\\/2022\\\/08\\\/Footgolf22-Fecha6yRegional.jpg\",\"datePublished\":\"2022-08-30T11:47:01+00:00\",\"dateModified\":\"2022-09-01T15:08:37+00:00\",\"description\":\"Deporte San Luis\",\"breadcrumb\":{\"@id\":\"https:\\\/\\\/deportesanluis.com.ar\\\/el-footgolf-copo-villa-larca\\\/#breadcrumb\"},\"inLanguage\":\"es-AR\",\"potentialAction\":[{\"@type\":\"ReadAction\",\"target\":[\"https:\\\/\\\/deportesanluis.com.ar\\\/el-footgolf-copo-villa-larca\\\/\"]}]},{\"@type\":\"ImageObject\",\"inLanguage\":\"es-AR\",\"@id\":\"https:\\\/\\\/deportesanluis.com.ar\\\/el-footgolf-copo-villa-larca\\\/#primaryimage\",\"url\":\"https:\\\/\\\/deportesanluis.com.ar\\\/wp-content\\\/uploads\\\/2022\\\/08\\\/Footgolf22-Fecha6yRegional.jpg\",\"contentUrl\":\"https:\\\/\\\/deportesanluis.com.ar\\\/wp-content\\\/uploads\\\/2022\\\/08\\\/Footgolf22-Fecha6yRegional.jpg\",\"width\":800,\"height\":500},{\"@type\":\"BreadcrumbList\",\"@id\":\"https:\\\/\\\/deportesanluis.com.ar\\\/el-footgolf-copo-villa-larca\\\/#breadcrumb\",\"itemListElement\":[{\"@type\":\"ListItem\",\"position\":1,\"name\":\"Home\",\"item\":\"https:\\\/\\\/deportesanluis.com.ar\\\/\"},{\"@type\":\"ListItem\",\"position\":2,\"name\":\"El footgolf cop\u00f3 Villa Larca\"}]},{\"@type\":\"WebSite\",\"@id\":\"https:\\\/\\\/deportesanluis.com.ar\\\/#website\",\"url\":\"https:\\\/\\\/deportesanluis.com.ar\\\/\",\"name\":\"deportesanluis.com.ar\",\"description\":\"Noticias de Deporte de San Luis\",\"publisher\":{\"@id\":\"https:\\\/\\\/deportesanluis.com.ar\\\/#organization\"},\"alternateName\":\"Deporte SL\",\"potentialAction\":[{\"@type\":\"SearchAction\",\"target\":{\"@type\":\"EntryPoint\",\"urlTemplate\":\"https:\\\/\\\/deportesanluis.com.ar\\\/?s={search_term_string}\"},\"query-input\":{\"@type\":\"PropertyValueSpecification\",\"valueRequired\":true,\"valueName\":\"search_term_string\"}}],\"inLanguage\":\"es-AR\"},{\"@type\":\"Organization\",\"@id\":\"https:\\\/\\\/deportesanluis.com.ar\\\/#organization\",\"name\":\"DSL\",\"alternateName\":\"Deporte SL\",\"url\":\"https:\\\/\\\/deportesanluis.com.ar\\\/\",\"logo\":{\"@type\":\"ImageObject\",\"inLanguage\":\"es-AR\",\"@id\":\"https:\\\/\\\/deportesanluis.com.ar\\\/#\\\/schema\\\/logo\\\/image\\\/\",\"url\":\"https:\\\/\\\/deportesanluis.com.ar\\\/wp-content\\\/uploads\\\/2023\\\/06\\\/DSL-Logo-2023-5.jpg\",\"contentUrl\":\"https:\\\/\\\/deportesanluis.com.ar\\\/wp-content\\\/uploads\\\/2023\\\/06\\\/DSL-Logo-2023-5.jpg\",\"width\":1718,\"height\":845,\"caption\":\"DSL\"},\"image\":{\"@id\":\"https:\\\/\\\/deportesanluis.com.ar\\\/#\\\/schema\\\/logo\\\/image\\\/\"},\"sameAs\":[\"https:\\\/\\\/www.facebook.com\\\/DSLDeporteSanLuis\",\"https:\\\/\\\/x.com\\\/deportesanluis\",\"https:\\\/\\\/www.instagram.com\\\/dsl_deportesanluis\\\/\"]},{\"@type\":\"Person\",\"@id\":\"https:\\\/\\\/deportesanluis.com.ar\\\/#\\\/schema\\\/person\\\/4b3e665481e93d271fced43ee48143c8\",\"name\":\"admin\",\"image\":{\"@type\":\"ImageObject\",\"inLanguage\":\"es-AR\",\"@id\":\"https:\\\/\\\/secure.gravatar.com\\\/avatar\\\/5424b2c21466f502587708c43dbe2dc47b5e643fec67835095677cd3af6ba546?s=96&d=mm&r=g\",\"url\":\"https:\\\/\\\/secure.gravatar.com\\\/avatar\\\/5424b2c21466f502587708c43dbe2dc47b5e643fec67835095677cd3af6ba546?s=96&d=mm&r=g\",\"contentUrl\":\"https:\\\/\\\/secure.gravatar.com\\\/avatar\\\/5424b2c21466f502587708c43dbe2dc47b5e643fec67835095677cd3af6ba546?s=96&d=mm&r=g\",\"caption\":\"admin\"},\"sameAs\":[\"https:\\\/\\\/deportesanluis.com.ar\"],\"url\":\"https:\\\/\\\/deportesanluis.com.ar\\\/author\\\/admin\\\/\"}]}<\/script>\n<!-- \/ Yoast SEO plugin. -->","yoast_head_json":{"title":"El footgolf cop\u00f3 Villa Larca - DSL","description":"Deporte San Luis","robots":{"index":"index","follow":"follow","max-snippet":"max-snippet:-1","max-image-preview":"max-image-preview:large","max-video-preview":"max-video-preview:-1"},"canonical":"https:\/\/deportesanluis.com.ar\/el-footgolf-copo-villa-larca\/","og_locale":"es_ES","og_type":"article","og_title":"El footgolf cop\u00f3 Villa Larca - DSL","og_description":"Deporte San Luis","og_url":"https:\/\/deportesanluis.com.ar\/el-footgolf-copo-villa-larca\/","og_site_name":"DSL","article_publisher":"https:\/\/www.facebook.com\/DSLDeporteSanLuis","article_published_time":"2022-08-30T11:47:01+00:00","article_modified_time":"2022-09-01T15:08:37+00:00","og_image":[{"width":800,"height":500,"url":"https:\/\/deportesanluis.com.ar\/wp-content\/uploads\/2022\/08\/Footgolf22-Fecha6yRegional.jpg","type":"image\/jpeg"}],"author":"admin","twitter_card":"summary_large_image","twitter_creator":"@deportesanluis","twitter_site":"@deportesanluis","twitter_misc":{"Escrito por":"admin","Tiempo de lectura":"2 minutos"},"schema":{"@context":"https:\/\/schema.org","@graph":[{"@type":"Article","@id":"https:\/\/deportesanluis.com.ar\/el-footgolf-copo-villa-larca\/#article","isPartOf":{"@id":"https:\/\/deportesanluis.com.ar\/el-footgolf-copo-villa-larca\/"},"author":{"name":"admin","@id":"https:\/\/deportesanluis.com.ar\/#\/schema\/person\/4b3e665481e93d271fced43ee48143c8"},"headline":"El footgolf cop\u00f3 Villa Larca","datePublished":"2022-08-30T11:47:01+00:00","dateModified":"2022-09-01T15:08:37+00:00","mainEntityOfPage":{"@id":"https:\/\/deportesanluis.com.ar\/el-footgolf-copo-villa-larca\/"},"wordCount":184,"publisher":{"@id":"https:\/\/deportesanluis.com.ar\/#organization"},"image":{"@id":"https:\/\/deportesanluis.com.ar\/el-footgolf-copo-villa-larca\/#primaryimage"},"thumbnailUrl":"https:\/\/deportesanluis.com.ar\/wp-content\/uploads\/2022\/08\/Footgolf22-Fecha6yRegional.jpg","keywords":["Footgolf"],"articleSection":["15","Poli"],"inLanguage":"es-AR"},{"@type":"WebPage","@id":"https:\/\/deportesanluis.com.ar\/el-footgolf-copo-villa-larca\/","url":"https:\/\/deportesanluis.com.ar\/el-footgolf-copo-villa-larca\/","name":"El footgolf cop\u00f3 Villa Larca - DSL","isPartOf":{"@id":"https:\/\/deportesanluis.com.ar\/#website"},"primaryImageOfPage":{"@id":"https:\/\/deportesanluis.com.ar\/el-footgolf-copo-villa-larca\/#primaryimage"},"image":{"@id":"https:\/\/deportesanluis.com.ar\/el-footgolf-copo-villa-larca\/#primaryimage"},"thumbnailUrl":"https:\/\/deportesanluis.com.ar\/wp-content\/uploads\/2022\/08\/Footgolf22-Fecha6yRegional.jpg","datePublished":"2022-08-30T11:47:01+00:00","dateModified":"2022-09-01T15:08:37+00:00","description":"Deporte San Luis","breadcrumb":{"@id":"https:\/\/deportesanluis.com.ar\/el-footgolf-copo-villa-larca\/#breadcrumb"},"inLanguage":"es-AR","potentialAction":[{"@type":"ReadAction","target":["https:\/\/deportesanluis.com.ar\/el-footgolf-copo-villa-larca\/"]}]},{"@type":"ImageObject","inLanguage":"es-AR","@id":"https:\/\/deportesanluis.com.ar\/el-footgolf-copo-villa-larca\/#primaryimage","url":"https:\/\/deportesanluis.com.ar\/wp-content\/uploads\/2022\/08\/Footgolf22-Fecha6yRegional.jpg","contentUrl":"https:\/\/deportesanluis.com.ar\/wp-content\/uploads\/2022\/08\/Footgolf22-Fecha6yRegional.jpg","width":800,"height":500},{"@type":"BreadcrumbList","@id":"https:\/\/deportesanluis.com.ar\/el-footgolf-copo-villa-larca\/#breadcrumb","itemListElement":[{"@type":"ListItem","position":1,"name":"Home","item":"https:\/\/deportesanluis.com.ar\/"},{"@type":"ListItem","position":2,"name":"El footgolf cop\u00f3 Villa Larca"}]},{"@type":"WebSite","@id":"https:\/\/deportesanluis.com.ar\/#website","url":"https:\/\/deportesanluis.com.ar\/","name":"deportesanluis.com.ar","description":"Noticias de Deporte de San Luis","publisher":{"@id":"https:\/\/deportesanluis.com.ar\/#organization"},"alternateName":"Deporte SL","potentialAction":[{"@type":"SearchAction","target":{"@type":"EntryPoint","urlTemplate":"https:\/\/deportesanluis.com.ar\/?s={search_term_string}"},"query-input":{"@type":"PropertyValueSpecification","valueRequired":true,"valueName":"search_term_string"}}],"inLanguage":"es-AR"},{"@type":"Organization","@id":"https:\/\/deportesanluis.com.ar\/#organization","name":"DSL","alternateName":"Deporte SL","url":"https:\/\/deportesanluis.com.ar\/","logo":{"@type":"ImageObject","inLanguage":"es-AR","@id":"https:\/\/deportesanluis.com.ar\/#\/schema\/logo\/image\/","url":"https:\/\/deportesanluis.com.ar\/wp-content\/uploads\/2023\/06\/DSL-Logo-2023-5.jpg","contentUrl":"https:\/\/deportesanluis.com.ar\/wp-content\/uploads\/2023\/06\/DSL-Logo-2023-5.jpg","width":1718,"height":845,"caption":"DSL"},"image":{"@id":"https:\/\/deportesanluis.com.ar\/#\/schema\/logo\/image\/"},"sameAs":["https:\/\/www.facebook.com\/DSLDeporteSanLuis","https:\/\/x.com\/deportesanluis","https:\/\/www.instagram.com\/dsl_deportesanluis\/"]},{"@type":"Person","@id":"https:\/\/deportesanluis.com.ar\/#\/schema\/person\/4b3e665481e93d271fced43ee48143c8","name":"admin","image":{"@type":"ImageObject","inLanguage":"es-AR","@id":"https:\/\/secure.gravatar.com\/avatar\/5424b2c21466f502587708c43dbe2dc47b5e643fec67835095677cd3af6ba546?s=96&d=mm&r=g","url":"https:\/\/secure.gravatar.com\/avatar\/5424b2c21466f502587708c43dbe2dc47b5e643fec67835095677cd3af6ba546?s=96&d=mm&r=g","contentUrl":"https:\/\/secure.gravatar.com\/avatar\/5424b2c21466f502587708c43dbe2dc47b5e643fec67835095677cd3af6ba546?s=96&d=mm&r=g","caption":"admin"},"sameAs":["https:\/\/deportesanluis.com.ar"],"url":"https:\/\/deportesanluis.com.ar\/author\/admin\/"}]}},"_links":{"self":[{"href":"https:\/\/deportesanluis.com.ar\/wp-json\/wp\/v2\/posts\/8426","targetHints":{"allow":["GET"]}}],"collection":[{"href":"https:\/\/deportesanluis.com.ar\/wp-json\/wp\/v2\/posts"}],"about":[{"href":"https:\/\/deportesanluis.com.ar\/wp-json\/wp\/v2\/types\/post"}],"author":[{"embeddable":true,"href":"https:\/\/deportesanluis.com.ar\/wp-json\/wp\/v2\/users\/1"}],"replies":[{"embeddable":true,"href":"https:\/\/deportesanluis.com.ar\/wp-json\/wp\/v2\/comments?post=8426"}],"version-history":[{"count":0,"href":"https:\/\/deportesanluis.com.ar\/wp-json\/wp\/v2\/posts\/8426\/revisions"}],"wp:featuredmedia":[{"embeddable":true,"href":"https:\/\/deportesanluis.com.ar\/wp-json\/wp\/v2\/media\/8427"}],"wp:attachment":[{"href":"https:\/\/deportesanluis.com.ar\/wp-json\/wp\/v2\/media?parent=8426"}],"wp:term":[{"taxonomy":"category","embeddable":true,"href":"https:\/\/deportesanluis.com.ar\/wp-json\/wp\/v2\/categories?post=8426"},{"taxonomy":"post_tag","embeddable":true,"href":"https:\/\/deportesanluis.com.ar\/wp-json\/wp\/v2\/tags?post=8426"}],"curies":[{"name":"wp","href":"https:\/\/api.w.org\/{rel}","templated":true}]}}