{"id":8950,"date":"2022-09-20T08:50:41","date_gmt":"2022-09-20T11:50:41","guid":{"rendered":"https:\/\/deportesanluis.com.ar\/?p=8950"},"modified":"2022-09-22T09:21:35","modified_gmt":"2022-09-22T12:21:35","slug":"el-villero-gana-y-se-prende-en-la-pelea","status":"publish","type":"post","link":"https:\/\/deportesanluis.com.ar\/el-villero-gana-y-se-prende-en-la-pelea\/","title":{"rendered":"El Villero gana y se prende en la pelea"},"content":{"rendered":"<p>El pasado fin de semana y aprovechando la postergaci\u00f3n de la sexta fecha a ra\u00edz de la falta de fuerzas policiales con motivo de los festejos por el D\u00eda del Estudiantes, Sp. Villa de la Quebrada y Uni\u00f3n se pusieron al d\u00eda.<\/p>\n<p>Fue por la quinta fecha y en el Palermo Molina con triunfo para el local por 3-1 con goles de Sosa, Paglialunga y Vallejos. Montiveros anot\u00f3 para la &#8220;Academia&#8221;.<\/p>\n<p>Con este resultado, Sp. Villa de la Quebrada y Uni\u00f3n se ubican a tres puntos del l\u00edder Defensores de Nogol\u00ed.<\/p>\n<p>En tanto, la LSF confirm\u00f3 el cronograma de la sexta fecha.<\/p>\n<p>S\u00e1b. 24\/09 &#8211; 16:00hs. Defensores del Oeste vs. Dep. Cruz de Piedra<br \/>\nS\u00e1b. 24\/09 &#8211; 16:30hs. Dep. La Punta vs. El Lince<br \/>\nS\u00e1b. 24\/09 &#8211; 16:30hs. EFI Jrs. vs. Defensores (N)<br \/>\nS\u00e1b. 24\/09 &#8211; 16:30hs. Dep. Koslay vs. Victoria<br \/>\nDom. 25\/09 &#8211; 15:00hs. Juventud vs. GEPU<br \/>\nDom. 25\/09 &#8211; 15:00hs. San Antonio vs. CAI<br \/>\nDom. 25\/09 &#8211; 16:00hs. Estudiantes vs. Hurac\u00e1n<br \/>\nDom. 25\/09 &#8211; 16:30hs. Uni\u00f3n vs. Defensores (PF)<br \/>\nDom. 25\/09 &#8211; 16:30hs. Sol de Mayo vs. Sp. Villa de la Quebrada<\/p>\n<hr \/>\n<p><strong>Nota:<\/strong> Redacci\u00f3n<\/p>\n","protected":false},"excerpt":{"rendered":"<p>Sp. Villa de la Quebrada venci\u00f3 a Uni\u00f3n por el pendiente de la quinta fecha y es uno de los escoltas de Defensores de Nogol\u00ed en el Clausura de la Liga Sanluise\u00f1a que ya confirm\u00f3 el cronograma de un nuevo cap\u00edtulo.\u00a0<\/p>\n","protected":false},"author":1,"featured_media":8951,"comment_status":"closed","ping_status":"closed","sticky":false,"template":"","format":"standard","meta":{"footnotes":""},"categories":[34,46,70],"tags":[48,71],"class_list":{"0":"post-8950","1":"post","2":"type-post","3":"status-publish","4":"format-standard","5":"has-post-thumbnail","7":"category-34","8":"category-futbol","9":"category-lsf","10":"tag-futbol","11":"tag-lsf"},"yoast_head":"<!-- This site is optimized with the Yoast SEO plugin v27.4 - https:\/\/yoast.com\/product\/yoast-seo-wordpress\/ -->\n<title>El Villero gana y se prende en la pelea - DSL<\/title>\n<meta name=\"description\" content=\"Deporte San Luis\" \/>\n<meta name=\"robots\" content=\"index, follow, max-snippet:-1, max-image-preview:large, max-video-preview:-1\" \/>\n<link rel=\"canonical\" href=\"https:\/\/deportesanluis.com.ar\/el-villero-gana-y-se-prende-en-la-pelea\/\" \/>\n<meta property=\"og:locale\" content=\"es_ES\" \/>\n<meta property=\"og:type\" content=\"article\" \/>\n<meta property=\"og:title\" content=\"El Villero gana y se prende en la pelea - DSL\" \/>\n<meta property=\"og:description\" content=\"Deporte San Luis\" \/>\n<meta property=\"og:url\" content=\"https:\/\/deportesanluis.com.ar\/el-villero-gana-y-se-prende-en-la-pelea\/\" \/>\n<meta property=\"og:site_name\" content=\"DSL\" \/>\n<meta property=\"article:publisher\" content=\"https:\/\/www.facebook.com\/DSLDeporteSanLuis\" \/>\n<meta property=\"article:published_time\" content=\"2022-09-20T11:50:41+00:00\" \/>\n<meta property=\"article:modified_time\" content=\"2022-09-22T12:21:35+00:00\" \/>\n<meta property=\"og:image\" content=\"https:\/\/deportesanluis.com.ar\/wp-content\/uploads\/2022\/09\/LSF22-VilladelaQuebrada-03.jpg\" \/>\n\t<meta property=\"og:image:width\" content=\"800\" \/>\n\t<meta property=\"og:image:height\" content=\"500\" \/>\n\t<meta property=\"og:image:type\" content=\"image\/jpeg\" \/>\n<meta name=\"author\" content=\"admin\" \/>\n<meta name=\"twitter:card\" content=\"summary_large_image\" \/>\n<meta name=\"twitter:creator\" content=\"@deportesanluis\" \/>\n<meta name=\"twitter:site\" content=\"@deportesanluis\" \/>\n<meta name=\"twitter:label1\" content=\"Escrito por\" \/>\n\t<meta name=\"twitter:data1\" content=\"admin\" \/>\n\t<meta name=\"twitter:label2\" content=\"Tiempo de lectura\" \/>\n\t<meta name=\"twitter:data2\" content=\"1 minuto\" \/>\n<script type=\"application\/ld+json\" class=\"yoast-schema-graph\">{\"@context\":\"https:\\\/\\\/schema.org\",\"@graph\":[{\"@type\":\"Article\",\"@id\":\"https:\\\/\\\/deportesanluis.com.ar\\\/el-villero-gana-y-se-prende-en-la-pelea\\\/#article\",\"isPartOf\":{\"@id\":\"https:\\\/\\\/deportesanluis.com.ar\\\/el-villero-gana-y-se-prende-en-la-pelea\\\/\"},\"author\":{\"name\":\"admin\",\"@id\":\"https:\\\/\\\/deportesanluis.com.ar\\\/#\\\/schema\\\/person\\\/4b3e665481e93d271fced43ee48143c8\"},\"headline\":\"El Villero gana y se prende en la pelea\",\"datePublished\":\"2022-09-20T11:50:41+00:00\",\"dateModified\":\"2022-09-22T12:21:35+00:00\",\"mainEntityOfPage\":{\"@id\":\"https:\\\/\\\/deportesanluis.com.ar\\\/el-villero-gana-y-se-prende-en-la-pelea\\\/\"},\"wordCount\":200,\"publisher\":{\"@id\":\"https:\\\/\\\/deportesanluis.com.ar\\\/#organization\"},\"image\":{\"@id\":\"https:\\\/\\\/deportesanluis.com.ar\\\/el-villero-gana-y-se-prende-en-la-pelea\\\/#primaryimage\"},\"thumbnailUrl\":\"https:\\\/\\\/deportesanluis.com.ar\\\/wp-content\\\/uploads\\\/2022\\\/09\\\/LSF22-VilladelaQuebrada-03.jpg\",\"keywords\":[\"F\u00fatbol\",\"LSF\"],\"articleSection\":[\"8\",\"F\u00fatbol\",\"LSF\"],\"inLanguage\":\"es-AR\"},{\"@type\":\"WebPage\",\"@id\":\"https:\\\/\\\/deportesanluis.com.ar\\\/el-villero-gana-y-se-prende-en-la-pelea\\\/\",\"url\":\"https:\\\/\\\/deportesanluis.com.ar\\\/el-villero-gana-y-se-prende-en-la-pelea\\\/\",\"name\":\"El Villero gana y se prende en la pelea - DSL\",\"isPartOf\":{\"@id\":\"https:\\\/\\\/deportesanluis.com.ar\\\/#website\"},\"primaryImageOfPage\":{\"@id\":\"https:\\\/\\\/deportesanluis.com.ar\\\/el-villero-gana-y-se-prende-en-la-pelea\\\/#primaryimage\"},\"image\":{\"@id\":\"https:\\\/\\\/deportesanluis.com.ar\\\/el-villero-gana-y-se-prende-en-la-pelea\\\/#primaryimage\"},\"thumbnailUrl\":\"https:\\\/\\\/deportesanluis.com.ar\\\/wp-content\\\/uploads\\\/2022\\\/09\\\/LSF22-VilladelaQuebrada-03.jpg\",\"datePublished\":\"2022-09-20T11:50:41+00:00\",\"dateModified\":\"2022-09-22T12:21:35+00:00\",\"description\":\"Deporte San Luis\",\"breadcrumb\":{\"@id\":\"https:\\\/\\\/deportesanluis.com.ar\\\/el-villero-gana-y-se-prende-en-la-pelea\\\/#breadcrumb\"},\"inLanguage\":\"es-AR\",\"potentialAction\":[{\"@type\":\"ReadAction\",\"target\":[\"https:\\\/\\\/deportesanluis.com.ar\\\/el-villero-gana-y-se-prende-en-la-pelea\\\/\"]}]},{\"@type\":\"ImageObject\",\"inLanguage\":\"es-AR\",\"@id\":\"https:\\\/\\\/deportesanluis.com.ar\\\/el-villero-gana-y-se-prende-en-la-pelea\\\/#primaryimage\",\"url\":\"https:\\\/\\\/deportesanluis.com.ar\\\/wp-content\\\/uploads\\\/2022\\\/09\\\/LSF22-VilladelaQuebrada-03.jpg\",\"contentUrl\":\"https:\\\/\\\/deportesanluis.com.ar\\\/wp-content\\\/uploads\\\/2022\\\/09\\\/LSF22-VilladelaQuebrada-03.jpg\",\"width\":800,\"height\":500},{\"@type\":\"BreadcrumbList\",\"@id\":\"https:\\\/\\\/deportesanluis.com.ar\\\/el-villero-gana-y-se-prende-en-la-pelea\\\/#breadcrumb\",\"itemListElement\":[{\"@type\":\"ListItem\",\"position\":1,\"name\":\"Home\",\"item\":\"https:\\\/\\\/deportesanluis.com.ar\\\/\"},{\"@type\":\"ListItem\",\"position\":2,\"name\":\"El Villero gana y se prende en la pelea\"}]},{\"@type\":\"WebSite\",\"@id\":\"https:\\\/\\\/deportesanluis.com.ar\\\/#website\",\"url\":\"https:\\\/\\\/deportesanluis.com.ar\\\/\",\"name\":\"deportesanluis.com.ar\",\"description\":\"Noticias de Deporte de San Luis\",\"publisher\":{\"@id\":\"https:\\\/\\\/deportesanluis.com.ar\\\/#organization\"},\"alternateName\":\"Deporte SL\",\"potentialAction\":[{\"@type\":\"SearchAction\",\"target\":{\"@type\":\"EntryPoint\",\"urlTemplate\":\"https:\\\/\\\/deportesanluis.com.ar\\\/?s={search_term_string}\"},\"query-input\":{\"@type\":\"PropertyValueSpecification\",\"valueRequired\":true,\"valueName\":\"search_term_string\"}}],\"inLanguage\":\"es-AR\"},{\"@type\":\"Organization\",\"@id\":\"https:\\\/\\\/deportesanluis.com.ar\\\/#organization\",\"name\":\"DSL\",\"alternateName\":\"Deporte SL\",\"url\":\"https:\\\/\\\/deportesanluis.com.ar\\\/\",\"logo\":{\"@type\":\"ImageObject\",\"inLanguage\":\"es-AR\",\"@id\":\"https:\\\/\\\/deportesanluis.com.ar\\\/#\\\/schema\\\/logo\\\/image\\\/\",\"url\":\"https:\\\/\\\/deportesanluis.com.ar\\\/wp-content\\\/uploads\\\/2023\\\/06\\\/DSL-Logo-2023-5.jpg\",\"contentUrl\":\"https:\\\/\\\/deportesanluis.com.ar\\\/wp-content\\\/uploads\\\/2023\\\/06\\\/DSL-Logo-2023-5.jpg\",\"width\":1718,\"height\":845,\"caption\":\"DSL\"},\"image\":{\"@id\":\"https:\\\/\\\/deportesanluis.com.ar\\\/#\\\/schema\\\/logo\\\/image\\\/\"},\"sameAs\":[\"https:\\\/\\\/www.facebook.com\\\/DSLDeporteSanLuis\",\"https:\\\/\\\/x.com\\\/deportesanluis\",\"https:\\\/\\\/www.instagram.com\\\/dsl_deportesanluis\\\/\"]},{\"@type\":\"Person\",\"@id\":\"https:\\\/\\\/deportesanluis.com.ar\\\/#\\\/schema\\\/person\\\/4b3e665481e93d271fced43ee48143c8\",\"name\":\"admin\",\"image\":{\"@type\":\"ImageObject\",\"inLanguage\":\"es-AR\",\"@id\":\"https:\\\/\\\/secure.gravatar.com\\\/avatar\\\/5424b2c21466f502587708c43dbe2dc47b5e643fec67835095677cd3af6ba546?s=96&d=mm&r=g\",\"url\":\"https:\\\/\\\/secure.gravatar.com\\\/avatar\\\/5424b2c21466f502587708c43dbe2dc47b5e643fec67835095677cd3af6ba546?s=96&d=mm&r=g\",\"contentUrl\":\"https:\\\/\\\/secure.gravatar.com\\\/avatar\\\/5424b2c21466f502587708c43dbe2dc47b5e643fec67835095677cd3af6ba546?s=96&d=mm&r=g\",\"caption\":\"admin\"},\"sameAs\":[\"https:\\\/\\\/deportesanluis.com.ar\"],\"url\":\"https:\\\/\\\/deportesanluis.com.ar\\\/author\\\/admin\\\/\"}]}<\/script>\n<!-- \/ Yoast SEO plugin. -->","yoast_head_json":{"title":"El Villero gana y se prende en la pelea - DSL","description":"Deporte San Luis","robots":{"index":"index","follow":"follow","max-snippet":"max-snippet:-1","max-image-preview":"max-image-preview:large","max-video-preview":"max-video-preview:-1"},"canonical":"https:\/\/deportesanluis.com.ar\/el-villero-gana-y-se-prende-en-la-pelea\/","og_locale":"es_ES","og_type":"article","og_title":"El Villero gana y se prende en la pelea - DSL","og_description":"Deporte San Luis","og_url":"https:\/\/deportesanluis.com.ar\/el-villero-gana-y-se-prende-en-la-pelea\/","og_site_name":"DSL","article_publisher":"https:\/\/www.facebook.com\/DSLDeporteSanLuis","article_published_time":"2022-09-20T11:50:41+00:00","article_modified_time":"2022-09-22T12:21:35+00:00","og_image":[{"width":800,"height":500,"url":"https:\/\/deportesanluis.com.ar\/wp-content\/uploads\/2022\/09\/LSF22-VilladelaQuebrada-03.jpg","type":"image\/jpeg"}],"author":"admin","twitter_card":"summary_large_image","twitter_creator":"@deportesanluis","twitter_site":"@deportesanluis","twitter_misc":{"Escrito por":"admin","Tiempo de lectura":"1 minuto"},"schema":{"@context":"https:\/\/schema.org","@graph":[{"@type":"Article","@id":"https:\/\/deportesanluis.com.ar\/el-villero-gana-y-se-prende-en-la-pelea\/#article","isPartOf":{"@id":"https:\/\/deportesanluis.com.ar\/el-villero-gana-y-se-prende-en-la-pelea\/"},"author":{"name":"admin","@id":"https:\/\/deportesanluis.com.ar\/#\/schema\/person\/4b3e665481e93d271fced43ee48143c8"},"headline":"El Villero gana y se prende en la pelea","datePublished":"2022-09-20T11:50:41+00:00","dateModified":"2022-09-22T12:21:35+00:00","mainEntityOfPage":{"@id":"https:\/\/deportesanluis.com.ar\/el-villero-gana-y-se-prende-en-la-pelea\/"},"wordCount":200,"publisher":{"@id":"https:\/\/deportesanluis.com.ar\/#organization"},"image":{"@id":"https:\/\/deportesanluis.com.ar\/el-villero-gana-y-se-prende-en-la-pelea\/#primaryimage"},"thumbnailUrl":"https:\/\/deportesanluis.com.ar\/wp-content\/uploads\/2022\/09\/LSF22-VilladelaQuebrada-03.jpg","keywords":["F\u00fatbol","LSF"],"articleSection":["8","F\u00fatbol","LSF"],"inLanguage":"es-AR"},{"@type":"WebPage","@id":"https:\/\/deportesanluis.com.ar\/el-villero-gana-y-se-prende-en-la-pelea\/","url":"https:\/\/deportesanluis.com.ar\/el-villero-gana-y-se-prende-en-la-pelea\/","name":"El Villero gana y se prende en la pelea - DSL","isPartOf":{"@id":"https:\/\/deportesanluis.com.ar\/#website"},"primaryImageOfPage":{"@id":"https:\/\/deportesanluis.com.ar\/el-villero-gana-y-se-prende-en-la-pelea\/#primaryimage"},"image":{"@id":"https:\/\/deportesanluis.com.ar\/el-villero-gana-y-se-prende-en-la-pelea\/#primaryimage"},"thumbnailUrl":"https:\/\/deportesanluis.com.ar\/wp-content\/uploads\/2022\/09\/LSF22-VilladelaQuebrada-03.jpg","datePublished":"2022-09-20T11:50:41+00:00","dateModified":"2022-09-22T12:21:35+00:00","description":"Deporte San Luis","breadcrumb":{"@id":"https:\/\/deportesanluis.com.ar\/el-villero-gana-y-se-prende-en-la-pelea\/#breadcrumb"},"inLanguage":"es-AR","potentialAction":[{"@type":"ReadAction","target":["https:\/\/deportesanluis.com.ar\/el-villero-gana-y-se-prende-en-la-pelea\/"]}]},{"@type":"ImageObject","inLanguage":"es-AR","@id":"https:\/\/deportesanluis.com.ar\/el-villero-gana-y-se-prende-en-la-pelea\/#primaryimage","url":"https:\/\/deportesanluis.com.ar\/wp-content\/uploads\/2022\/09\/LSF22-VilladelaQuebrada-03.jpg","contentUrl":"https:\/\/deportesanluis.com.ar\/wp-content\/uploads\/2022\/09\/LSF22-VilladelaQuebrada-03.jpg","width":800,"height":500},{"@type":"BreadcrumbList","@id":"https:\/\/deportesanluis.com.ar\/el-villero-gana-y-se-prende-en-la-pelea\/#breadcrumb","itemListElement":[{"@type":"ListItem","position":1,"name":"Home","item":"https:\/\/deportesanluis.com.ar\/"},{"@type":"ListItem","position":2,"name":"El Villero gana y se prende en la pelea"}]},{"@type":"WebSite","@id":"https:\/\/deportesanluis.com.ar\/#website","url":"https:\/\/deportesanluis.com.ar\/","name":"deportesanluis.com.ar","description":"Noticias de Deporte de San Luis","publisher":{"@id":"https:\/\/deportesanluis.com.ar\/#organization"},"alternateName":"Deporte SL","potentialAction":[{"@type":"SearchAction","target":{"@type":"EntryPoint","urlTemplate":"https:\/\/deportesanluis.com.ar\/?s={search_term_string}"},"query-input":{"@type":"PropertyValueSpecification","valueRequired":true,"valueName":"search_term_string"}}],"inLanguage":"es-AR"},{"@type":"Organization","@id":"https:\/\/deportesanluis.com.ar\/#organization","name":"DSL","alternateName":"Deporte SL","url":"https:\/\/deportesanluis.com.ar\/","logo":{"@type":"ImageObject","inLanguage":"es-AR","@id":"https:\/\/deportesanluis.com.ar\/#\/schema\/logo\/image\/","url":"https:\/\/deportesanluis.com.ar\/wp-content\/uploads\/2023\/06\/DSL-Logo-2023-5.jpg","contentUrl":"https:\/\/deportesanluis.com.ar\/wp-content\/uploads\/2023\/06\/DSL-Logo-2023-5.jpg","width":1718,"height":845,"caption":"DSL"},"image":{"@id":"https:\/\/deportesanluis.com.ar\/#\/schema\/logo\/image\/"},"sameAs":["https:\/\/www.facebook.com\/DSLDeporteSanLuis","https:\/\/x.com\/deportesanluis","https:\/\/www.instagram.com\/dsl_deportesanluis\/"]},{"@type":"Person","@id":"https:\/\/deportesanluis.com.ar\/#\/schema\/person\/4b3e665481e93d271fced43ee48143c8","name":"admin","image":{"@type":"ImageObject","inLanguage":"es-AR","@id":"https:\/\/secure.gravatar.com\/avatar\/5424b2c21466f502587708c43dbe2dc47b5e643fec67835095677cd3af6ba546?s=96&d=mm&r=g","url":"https:\/\/secure.gravatar.com\/avatar\/5424b2c21466f502587708c43dbe2dc47b5e643fec67835095677cd3af6ba546?s=96&d=mm&r=g","contentUrl":"https:\/\/secure.gravatar.com\/avatar\/5424b2c21466f502587708c43dbe2dc47b5e643fec67835095677cd3af6ba546?s=96&d=mm&r=g","caption":"admin"},"sameAs":["https:\/\/deportesanluis.com.ar"],"url":"https:\/\/deportesanluis.com.ar\/author\/admin\/"}]}},"_links":{"self":[{"href":"https:\/\/deportesanluis.com.ar\/wp-json\/wp\/v2\/posts\/8950","targetHints":{"allow":["GET"]}}],"collection":[{"href":"https:\/\/deportesanluis.com.ar\/wp-json\/wp\/v2\/posts"}],"about":[{"href":"https:\/\/deportesanluis.com.ar\/wp-json\/wp\/v2\/types\/post"}],"author":[{"embeddable":true,"href":"https:\/\/deportesanluis.com.ar\/wp-json\/wp\/v2\/users\/1"}],"replies":[{"embeddable":true,"href":"https:\/\/deportesanluis.com.ar\/wp-json\/wp\/v2\/comments?post=8950"}],"version-history":[{"count":0,"href":"https:\/\/deportesanluis.com.ar\/wp-json\/wp\/v2\/posts\/8950\/revisions"}],"wp:featuredmedia":[{"embeddable":true,"href":"https:\/\/deportesanluis.com.ar\/wp-json\/wp\/v2\/media\/8951"}],"wp:attachment":[{"href":"https:\/\/deportesanluis.com.ar\/wp-json\/wp\/v2\/media?parent=8950"}],"wp:term":[{"taxonomy":"category","embeddable":true,"href":"https:\/\/deportesanluis.com.ar\/wp-json\/wp\/v2\/categories?post=8950"},{"taxonomy":"post_tag","embeddable":true,"href":"https:\/\/deportesanluis.com.ar\/wp-json\/wp\/v2\/tags?post=8950"}],"curies":[{"name":"wp","href":"https:\/\/api.w.org\/{rel}","templated":true}]}}